{"id":90194,"date":"2020-10-05T20:15:40","date_gmt":"2020-10-05T23:15:40","guid":{"rendered":"http:\/\/www.locoxelrojo.com\/independiente\/?p=90194"},"modified":"2020-10-05T20:59:22","modified_gmt":"2020-10-05T23:59:22","slug":"los-ex-independiente-se-reunen-en-el-elche","status":"publish","type":"post","link":"https:\/\/www.locoxelrojo.com\/independiente\/2020\/10\/05\/los-ex-independiente-se-reunen-en-el-elche\/","title":{"rendered":"Los ex Independiente se re\u00fanen en el Elche"},"content":{"rendered":"<p><strong>Diego Rodr\u00edguez y Emiliano Rigoni fueron confirmados como refuerzos del Elche de Espa\u00f1a. All\u00ed se encontrar\u00e1n con Iv\u00e1n Marcone y con otros ex Independiente.<\/strong><\/p>\n<p>El equipo de la ciudad de Alicante tendr\u00e1 una fuerte presencia roja en esta temporada. Luego de haber contratado a Juan S\u00e1nchez Mi\u00f1o, el Elche anunci\u00f3 los fichajes a pr\u00e9stamo del Ruso Rodr\u00edguez y de Rigoni. Los tres <strong>fueron compa\u00f1eros en Independiente por un breve lapso all\u00e1 por 2016<\/strong> y ahora volver\u00e1n a reunirse en Espa\u00f1a.<\/p>\n<blockquote class=\"twitter-tweet\">\n<p dir=\"ltr\" lang=\"es\">| Emiliano Rigoni<\/p>\n<p>&#x270d;&#xfe0f; El atacante argentino se convierte en el und\u00e9cimo fichaje del <a href=\"https:\/\/twitter.com\/hashtag\/ElcheCF?src=hash&amp;ref_src=twsrc%5Etfw\">#ElcheCF<\/a><a href=\"https:\/\/twitter.com\/hashtag\/MuchoElche?src=hash&amp;ref_src=twsrc%5Etfw\">#MuchoElche<\/a> <a href=\"https:\/\/t.co\/J9GCpCjkio\">pic.twitter.com\/J9GCpCjkio<\/a><\/p>\n<p>\u2014 Elche Club de F\u00fatbol (@elchecf) <a href=\"https:\/\/twitter.com\/elchecf\/status\/1313246210451533824?ref_src=twsrc%5Etfw\">October 5, 2020<\/a><\/p><\/blockquote>\n<p><script async src=\"https:\/\/platform.twitter.com\/widgets.js\" charset=\"utf-8\"><\/script><\/p>\n<p>Como si fuera poco, <strong>el equipo es dirigido por Jorge Almir\u00f3n<\/strong>, quien fue t\u00e9cnico de Independiente entre 2014 y 2015. De hecho, bajo su conducci\u00f3n, el arquero titular era justamente Rodr\u00edguez.<\/p>\n<blockquote class=\"twitter-tweet\">\n<p dir=\"ltr\" lang=\"es\">&#x270d;&#xfe0f; Diego Rodr\u00edguez: seguridad y veteran\u00eda para la porter\u00eda del <a href=\"https:\/\/twitter.com\/hashtag\/ElcheCF?src=hash&amp;ref_src=twsrc%5Etfw\">#ElcheCF<\/a><a href=\"https:\/\/twitter.com\/hashtag\/MuchoElche?src=hash&amp;ref_src=twsrc%5Etfw\">#MuchoElche<\/a><\/p>\n<p>\u2014 Elche Club de F\u00fatbol (@elchecf) <a href=\"https:\/\/twitter.com\/elchecf\/status\/1313263832404496389?ref_src=twsrc%5Etfw\">October 5, 2020<\/a><\/p><\/blockquote>\n<p><script async src=\"https:\/\/platform.twitter.com\/widgets.js\" charset=\"utf-8\"><\/script><\/p>\n<p>Y no termina ah\u00ed. <strong>Entre las filas del Elche tambi\u00e9n estar\u00e1 nada menos que Marcone<\/strong>, quien estuvo a un paso de jugar en el Rojo en este mercado de pases. Su fanatismo por Independiente lo llev\u00f3 a forzar su salida de Boca en un trueque con Silvio Romero y Cecilio Dom\u00ednguez, pero la operaci\u00f3n no prosper\u00f3 y finalmente termin\u00f3 y\u00e9ndose a pr\u00e9stamo a La Liga.<\/p>\n<p>Lo curioso es que la presencia roja pudo haber sido mayor, ya que <strong>Leandro Fern\u00e1ndez y Alexander Barboza<\/strong> tambi\u00e9n estuvieron muy cerca de sumarse al Elche.<\/p>\n","protected":false},"excerpt":{"rendered":"<p>Diego Rodr\u00edguez y Emiliano Rigoni fueron confirmados como refuerzos del Elche de Espa\u00f1a. All\u00ed se encontrar\u00e1n con Iv\u00e1n Marcone y con otros ex Independiente. El equipo de la ciudad de Alicante tendr\u00e1 una fuerte presencia roja en esta temporada. Luego de haber contratado a Juan S\u00e1nchez Mi\u00f1o, el Elche anunci\u00f3 los fichajes a pr\u00e9stamo del [&hellip;]<\/p>\n","protected":false},"author":8,"featured_media":90195,"comment_status":"open","ping_status":"closed","sticky":false,"template":"","format":"standard","meta":{"_links_to":"","_links_to_target":""},"categories":[2043,3247],"tags":[181,2835,2729,2724,3190,3277],"_links":{"self":[{"href":"https:\/\/www.locoxelrojo.com\/independiente\/wp-json\/wp\/v2\/posts\/90194"}],"collection":[{"href":"https:\/\/www.locoxelrojo.com\/independiente\/wp-json\/wp\/v2\/posts"}],"about":[{"href":"https:\/\/www.locoxelrojo.com\/independiente\/wp-json\/wp\/v2\/types\/post"}],"author":[{"embeddable":true,"href":"https:\/\/www.locoxelrojo.com\/independiente\/wp-json\/wp\/v2\/users\/8"}],"replies":[{"embeddable":true,"href":"https:\/\/www.locoxelrojo.com\/independiente\/wp-json\/wp\/v2\/comments?post=90194"}],"version-history":[{"count":2,"href":"https:\/\/www.locoxelrojo.com\/independiente\/wp-json\/wp\/v2\/posts\/90194\/revisions"}],"predecessor-version":[{"id":90197,"href":"https:\/\/www.locoxelrojo.com\/independiente\/wp-json\/wp\/v2\/posts\/90194\/revisions\/90197"}],"wp:featuredmedia":[{"embeddable":true,"href":"https:\/\/www.locoxelrojo.com\/independiente\/wp-json\/wp\/v2\/media\/90195"}],"wp:attachment":[{"href":"https:\/\/www.locoxelrojo.com\/independiente\/wp-json\/wp\/v2\/media?parent=90194"}],"wp:term":[{"taxonomy":"category","embeddable":true,"href":"https:\/\/www.locoxelrojo.com\/independiente\/wp-json\/wp\/v2\/categories?post=90194"},{"taxonomy":"post_tag","embeddable":true,"href":"https:\/\/www.locoxelrojo.com\/independiente\/wp-json\/wp\/v2\/tags?post=90194"}],"curies":[{"name":"wp","href":"https:\/\/api.w.org\/{rel}","templated":true}]}}