{"id":90234,"date":"2020-10-07T17:27:54","date_gmt":"2020-10-07T20:27:54","guid":{"rendered":"http:\/\/www.locoxelrojo.com\/independiente\/?p=90234"},"modified":"2020-10-07T19:33:46","modified_gmt":"2020-10-07T22:33:46","slug":"pusieron-la-firma-en-temperley-con-una-clausula-interesante","status":"publish","type":"post","link":"https:\/\/www.locoxelrojo.com\/independiente\/2020\/10\/07\/pusieron-la-firma-en-temperley-con-una-clausula-interesante\/","title":{"rendered":"Pusieron la firma en Temperley con una cl\u00e1usula interesante"},"content":{"rendered":"<p><strong>Despu\u00e9s de entrenarse varias semanas en el plantel de Temperley, Mauro Molina y El\u00edas Contreras firmaron sus contratos para hacer oficiales sus pr\u00e9stamos. Independiente estableci\u00f3 una cl\u00e1usula muy particular.<\/strong><\/p>\n<p>El delantero y el volante llevaban m\u00e1s de un mes bajo las \u00f3rdenes del t\u00e9cnico Walter Perazzo. Los dos hab\u00edan sido cedidos al Celeste luego de no tener lugar en el plantel de Lucas Pusineri. Finalmente, esta semana rubricaron sus v\u00ednculos.<\/p>\n<p>Tanto Molina como Contreras firmaron su <strong>pr\u00e9stamo hasta diciembre de 2021, sin cargo ni opci\u00f3n de compra<\/strong>. La intenci\u00f3n es que ganen ritmo de competencia en Temperley y sumen minutos para ser tenidos en cuenta en el Rojo a futuro, como sucedi\u00f3 con Nicol\u00e1s Messiniti.<\/p>\n<p>En ambos pr\u00e9stamos, Independiente incluy\u00f3 una cl\u00e1usula para asegurarse la continuidad de ambos o un ingreso de dinero: <strong>si alguno de ellos no juega el 50% de los minutos oficiales, el Gasolero deber\u00e1 pagarle 200.000 pesos al Rojo<\/strong> en concepto de multa.<\/p>\n<p>Cabe se\u00f1alar que tanto Molina como Contreras <strong>ya tuvieron coronavirus<\/strong>. El delantero se contagi\u00f3 a principios de agosto, durante sus \u00faltimos d\u00edas en Independiente, mientras que el volante dio positivo en la primera tanda de testeos de Temperley en septiembre. Los dos est\u00e1n completamente recuperados realizando la pretemporada en su nuevo club.<\/p>\n","protected":false},"excerpt":{"rendered":"<p>Despu\u00e9s de entrenarse varias semanas en el plantel de Temperley, Mauro Molina y El\u00edas Contreras firmaron sus contratos para hacer oficiales sus pr\u00e9stamos. Independiente estableci\u00f3 una cl\u00e1usula muy particular. El delantero y el volante llevaban m\u00e1s de un mes bajo las \u00f3rdenes del t\u00e9cnico Walter Perazzo. Los dos hab\u00edan sido cedidos al Celeste luego de [&hellip;]<\/p>\n","protected":false},"author":8,"featured_media":90237,"comment_status":"open","ping_status":"closed","sticky":false,"template":"","format":"standard","meta":{"_links_to":"","_links_to_target":""},"categories":[3297,3247],"tags":[153,3416,3659,1666],"_links":{"self":[{"href":"https:\/\/www.locoxelrojo.com\/independiente\/wp-json\/wp\/v2\/posts\/90234"}],"collection":[{"href":"https:\/\/www.locoxelrojo.com\/independiente\/wp-json\/wp\/v2\/posts"}],"about":[{"href":"https:\/\/www.locoxelrojo.com\/independiente\/wp-json\/wp\/v2\/types\/post"}],"author":[{"embeddable":true,"href":"https:\/\/www.locoxelrojo.com\/independiente\/wp-json\/wp\/v2\/users\/8"}],"replies":[{"embeddable":true,"href":"https:\/\/www.locoxelrojo.com\/independiente\/wp-json\/wp\/v2\/comments?post=90234"}],"version-history":[{"count":2,"href":"https:\/\/www.locoxelrojo.com\/independiente\/wp-json\/wp\/v2\/posts\/90234\/revisions"}],"predecessor-version":[{"id":90236,"href":"https:\/\/www.locoxelrojo.com\/independiente\/wp-json\/wp\/v2\/posts\/90234\/revisions\/90236"}],"wp:featuredmedia":[{"embeddable":true,"href":"https:\/\/www.locoxelrojo.com\/independiente\/wp-json\/wp\/v2\/media\/90237"}],"wp:attachment":[{"href":"https:\/\/www.locoxelrojo.com\/independiente\/wp-json\/wp\/v2\/media?parent=90234"}],"wp:term":[{"taxonomy":"category","embeddable":true,"href":"https:\/\/www.locoxelrojo.com\/independiente\/wp-json\/wp\/v2\/categories?post=90234"},{"taxonomy":"post_tag","embeddable":true,"href":"https:\/\/www.locoxelrojo.com\/independiente\/wp-json\/wp\/v2\/tags?post=90234"}],"curies":[{"name":"wp","href":"https:\/\/api.w.org\/{rel}","templated":true}]}}