{"id":90252,"date":"2020-10-09T13:03:14","date_gmt":"2020-10-09T16:03:14","guid":{"rendered":"http:\/\/www.locoxelrojo.com\/independiente\/?p=90252"},"modified":"2020-10-09T13:03:14","modified_gmt":"2020-10-09T16:03:14","slug":"un-regalo-para-dibu","status":"publish","type":"post","link":"https:\/\/www.locoxelrojo.com\/independiente\/2020\/10\/09\/un-regalo-para-dibu\/","title":{"rendered":"Un regalo para Dibu"},"content":{"rendered":"<p><strong>Emiliano Mart\u00ednez, afectado a la Selecci\u00f3n Argentina, recibi\u00f3 un obsequio de parte de Independiente. <\/strong><\/p>\n<p>Dibu, arquero surgido en las Divisiones Inferiores del Rojo y que actualmente la rompe en el Aston Villa de Inglaterra, <strong>se mostr\u00f3 agradecido en las redes sociales por el regalo que le envi\u00f3 el club. <\/strong><\/p>\n<p>En las cuentas oficiales, <strong>reflejaron al arquero posando con la camiseta de Independiente con el dorsal n\u00famero 26, su preferido:<\/strong><\/p>\n<blockquote class=\"twitter-tweet\" data-width=\"550\" data-dnt=\"true\">\n<p lang=\"in\" dir=\"ltr\">Dibu \ud83d\ude0d<a href=\"https:\/\/twitter.com\/hashtag\/OrgulloNacional?src=hash&amp;ref_src=twsrc%5Etfw\">#OrgulloNacional<\/a>, <a href=\"https:\/\/twitter.com\/emimartinezz1?ref_src=twsrc%5Etfw\">@emimartinezz1<\/a> <a href=\"https:\/\/twitter.com\/hashtag\/TodoRojo?src=hash&amp;ref_src=twsrc%5Etfw\">#TodoRojo<\/a> \ud83d\udd34 <a href=\"https:\/\/t.co\/pJdXIpgtev\">pic.twitter.com\/pJdXIpgtev<\/a><\/p>\n<p>&mdash; C. A. Independiente (@Independiente) <a href=\"https:\/\/twitter.com\/Independiente\/status\/1314558735004692480?ref_src=twsrc%5Etfw\">October 9, 2020<\/a><\/p><\/blockquote>\n<p><script async src=\"https:\/\/platform.twitter.com\/widgets.js\" charset=\"utf-8\"><\/script><\/p>\n<p>Por su parte, <strong>Emi se mostr\u00f3 agradecido y dej\u00f3 en claro su sentido de pertenencia, a pesar de haberse ido tan j\u00f3ven:<\/strong><\/p>\n<blockquote class=\"twitter-tweet\" data-width=\"550\" data-dnt=\"true\">\n<p lang=\"es\" dir=\"ltr\">Gracias por la camiseta \u2764\ufe0f <a href=\"https:\/\/twitter.com\/Independiente?ref_src=twsrc%5Etfw\">@Independiente<\/a> <a href=\"https:\/\/t.co\/KnCEOUupl1\">https:\/\/t.co\/KnCEOUupl1<\/a><\/p>\n<p>&mdash; Emi Mart\u00ednez (@emimartinezz1) <a href=\"https:\/\/twitter.com\/emimartinezz1\/status\/1314561856585990144?ref_src=twsrc%5Etfw\">October 9, 2020<\/a><\/p><\/blockquote>\n<p><script async src=\"https:\/\/platform.twitter.com\/widgets.js\" charset=\"utf-8\"><\/script><\/p>\n","protected":false},"excerpt":{"rendered":"<p>Emiliano Mart\u00ednez, afectado a la Selecci\u00f3n Argentina, recibi\u00f3 un obsequio de parte de Independiente. Dibu, arquero surgido en las Divisiones Inferiores del Rojo y que actualmente la rompe en el Aston Villa de Inglaterra, se mostr\u00f3 agradecido en las redes sociales por el regalo que le envi\u00f3 el club. En las cuentas oficiales, reflejaron al [&hellip;]<\/p>\n","protected":false},"author":1,"featured_media":90253,"comment_status":"open","ping_status":"closed","sticky":false,"template":"","format":"standard","meta":{"_links_to":"","_links_to_target":""},"categories":[3247,3363],"tags":[153,814,450],"_links":{"self":[{"href":"https:\/\/www.locoxelrojo.com\/independiente\/wp-json\/wp\/v2\/posts\/90252"}],"collection":[{"href":"https:\/\/www.locoxelrojo.com\/independiente\/wp-json\/wp\/v2\/posts"}],"about":[{"href":"https:\/\/www.locoxelrojo.com\/independiente\/wp-json\/wp\/v2\/types\/post"}],"author":[{"embeddable":true,"href":"https:\/\/www.locoxelrojo.com\/independiente\/wp-json\/wp\/v2\/users\/1"}],"replies":[{"embeddable":true,"href":"https:\/\/www.locoxelrojo.com\/independiente\/wp-json\/wp\/v2\/comments?post=90252"}],"version-history":[{"count":1,"href":"https:\/\/www.locoxelrojo.com\/independiente\/wp-json\/wp\/v2\/posts\/90252\/revisions"}],"predecessor-version":[{"id":90254,"href":"https:\/\/www.locoxelrojo.com\/independiente\/wp-json\/wp\/v2\/posts\/90252\/revisions\/90254"}],"wp:featuredmedia":[{"embeddable":true,"href":"https:\/\/www.locoxelrojo.com\/independiente\/wp-json\/wp\/v2\/media\/90253"}],"wp:attachment":[{"href":"https:\/\/www.locoxelrojo.com\/independiente\/wp-json\/wp\/v2\/media?parent=90252"}],"wp:term":[{"taxonomy":"category","embeddable":true,"href":"https:\/\/www.locoxelrojo.com\/independiente\/wp-json\/wp\/v2\/categories?post=90252"},{"taxonomy":"post_tag","embeddable":true,"href":"https:\/\/www.locoxelrojo.com\/independiente\/wp-json\/wp\/v2\/tags?post=90252"}],"curies":[{"name":"wp","href":"https:\/\/api.w.org\/{rel}","templated":true}]}}