{"id":90258,"date":"2020-10-09T14:50:44","date_gmt":"2020-10-09T17:50:44","guid":{"rendered":"http:\/\/www.locoxelrojo.com\/independiente\/?p=90258"},"modified":"2020-10-09T14:50:44","modified_gmt":"2020-10-09T17:50:44","slug":"dos-casos-positivos-de-coronavirus-en-la-reserva","status":"publish","type":"post","link":"https:\/\/www.locoxelrojo.com\/independiente\/2020\/10\/09\/dos-casos-positivos-de-coronavirus-en-la-reserva\/","title":{"rendered":"Dos casos positivos de coronavirus en la Reserva"},"content":{"rendered":"<p>Dos jugadores de la Reserva del Rojo fueron testeados y dieron positivo de COVID-19 esta ma\u00f1ana.<strong> Se trata de Ayrton Costa y \u00c1ngel Genes.<\/strong><\/p>\n<p><strong>Mala noticia para los juveniles que ahora deber\u00e1n aislarse por completo y cumplir el per\u00edodo de recuperaci\u00f3n.<\/strong> De esta manera, no ser\u00e1n tenidos en cuenta por Fernando Ber\u00f3n ni Lucas Pusineri para los pr\u00f3ximos encuentros amistosos.<\/p>\n<p><strong>Lo preocupante es que Costa vio acci\u00f3n el encuentro del fin de semana pasado ante Gimnasia en el Libertadores de Am\u00e9rica.<\/strong> Afortunadamente, se cumplieron todos los protocolos de higiene y, por el momento, ning\u00fan otro futbolista padece s\u00edntomas.<\/p>\n","protected":false},"excerpt":{"rendered":"<p>Dos jugadores de la Reserva del Rojo fueron testeados y dieron positivo de COVID-19 esta ma\u00f1ana. Se trata de Ayrton Costa y \u00c1ngel Genes. Mala noticia para los juveniles que ahora deber\u00e1n aislarse por completo y cumplir el per\u00edodo de recuperaci\u00f3n. De esta manera, no ser\u00e1n tenidos en cuenta por Fernando Ber\u00f3n ni Lucas Pusineri [&hellip;]<\/p>\n","protected":false},"author":101017,"featured_media":90259,"comment_status":"open","ping_status":"closed","sticky":false,"template":"","format":"standard","meta":{"_links_to":"","_links_to_target":""},"categories":[3280,3247],"tags":[4687,4688,153,4506,4512],"_links":{"self":[{"href":"https:\/\/www.locoxelrojo.com\/independiente\/wp-json\/wp\/v2\/posts\/90258"}],"collection":[{"href":"https:\/\/www.locoxelrojo.com\/independiente\/wp-json\/wp\/v2\/posts"}],"about":[{"href":"https:\/\/www.locoxelrojo.com\/independiente\/wp-json\/wp\/v2\/types\/post"}],"author":[{"embeddable":true,"href":"https:\/\/www.locoxelrojo.com\/independiente\/wp-json\/wp\/v2\/users\/101017"}],"replies":[{"embeddable":true,"href":"https:\/\/www.locoxelrojo.com\/independiente\/wp-json\/wp\/v2\/comments?post=90258"}],"version-history":[{"count":1,"href":"https:\/\/www.locoxelrojo.com\/independiente\/wp-json\/wp\/v2\/posts\/90258\/revisions"}],"predecessor-version":[{"id":90260,"href":"https:\/\/www.locoxelrojo.com\/independiente\/wp-json\/wp\/v2\/posts\/90258\/revisions\/90260"}],"wp:featuredmedia":[{"embeddable":true,"href":"https:\/\/www.locoxelrojo.com\/independiente\/wp-json\/wp\/v2\/media\/90259"}],"wp:attachment":[{"href":"https:\/\/www.locoxelrojo.com\/independiente\/wp-json\/wp\/v2\/media?parent=90258"}],"wp:term":[{"taxonomy":"category","embeddable":true,"href":"https:\/\/www.locoxelrojo.com\/independiente\/wp-json\/wp\/v2\/categories?post=90258"},{"taxonomy":"post_tag","embeddable":true,"href":"https:\/\/www.locoxelrojo.com\/independiente\/wp-json\/wp\/v2\/tags?post=90258"}],"curies":[{"name":"wp","href":"https:\/\/api.w.org\/{rel}","templated":true}]}}