{"id":90261,"date":"2020-10-09T07:54:43","date_gmt":"2020-10-09T10:54:43","guid":{"rendered":"http:\/\/www.locoxelrojo.com\/independiente\/?p=90261"},"modified":"2020-10-09T15:14:03","modified_gmt":"2020-10-09T18:14:03","slug":"con-taglia-y-sin-dibu-argentina-gano-en-el-debut","status":"publish","type":"post","link":"https:\/\/www.locoxelrojo.com\/independiente\/2020\/10\/09\/con-taglia-y-sin-dibu-argentina-gano-en-el-debut\/","title":{"rendered":"Con Taglia y sin Dibu, Argentina gan\u00f3 en el debut"},"content":{"rendered":"<p><strong>La Selecci\u00f3n Nacional debut\u00f3 con una victoria 1-0 ante Ecuador<\/strong> por la primera fecha de las Eliminatorias rumbo al Mundial de Qatar 2022. <strong>Hubo presencia a medias de los ex Independiente que hab\u00edan sido citados<\/strong>.<\/p>\n<p>Los dirigidos por <strong>Lionel Scaloni<\/strong> volvieron al ruedo despu\u00e9s de mucho tiempo y el rendimiento estuvo muy lejos de ser el esperado. <strong>El triunfo lleg\u00f3 gracias a un penal discutido que Lionel Messi cambi\u00f3 por gol a los 12 minutos del primer tiempo<\/strong>.<\/p>\n<p>La Albiceleste se puso en ventaja r\u00e1pido ante un ap\u00e1tico rival, dirigido por Gustavo Alfaro, que reci\u00e9n se anim\u00f3 un poco m\u00e1s en el complemento. <strong>Franco Armani se qued\u00f3 con la titularidad por encima de Emiliano Mart\u00ednez<\/strong> y respondi\u00f3 bien las pocas veces que lo exigieron.<\/p>\n<p><iframe loading=\"lazy\" src=\"https:\/\/www.youtube.com\/embed\/U6pMfHWVnM8\" width=\"560\" height=\"315\" frameborder=\"0\" allowfullscreen=\"allowfullscreen\"><\/iframe><\/p>\n<p>En tanto que <strong>Nicol\u00e1s Tagliafico<\/strong> no pudo sobresalir dentro del flojo nivel que mostraron sus compa\u00f1eros y por momentos sufri\u00f3 por su sector. <strong>Sin embargo su presencia ante Bolivia, el pr\u00f3ximo martes a las 17, no corre peligro<\/strong>.<\/p>\n<p>Scaloni tiene mucho trabajo y poco tiempo para mejorar lo que se pudo ver ayer en la Bombonera. <strong>La semana que viene, por la segunda jornada, jugar\u00e1 en la siempre dif\u00edcil altura de La Paz<\/strong>.<\/p>\n","protected":false},"excerpt":{"rendered":"<p>La Selecci\u00f3n Nacional debut\u00f3 con una victoria 1-0 ante Ecuador por la primera fecha de las Eliminatorias rumbo al Mundial de Qatar 2022. Hubo presencia a medias de los ex Independiente que hab\u00edan sido citados. Los dirigidos por Lionel Scaloni volvieron al ruedo despu\u00e9s de mucho tiempo y el rendimiento estuvo muy lejos de ser [&hellip;]<\/p>\n","protected":false},"author":19,"featured_media":90262,"comment_status":"open","ping_status":"closed","sticky":false,"template":"","format":"standard","meta":{"_links_to":"","_links_to_target":""},"categories":[3247,3281],"tags":[814,2019,4003,1600,450,4374,4022],"_links":{"self":[{"href":"https:\/\/www.locoxelrojo.com\/independiente\/wp-json\/wp\/v2\/posts\/90261"}],"collection":[{"href":"https:\/\/www.locoxelrojo.com\/independiente\/wp-json\/wp\/v2\/posts"}],"about":[{"href":"https:\/\/www.locoxelrojo.com\/independiente\/wp-json\/wp\/v2\/types\/post"}],"author":[{"embeddable":true,"href":"https:\/\/www.locoxelrojo.com\/independiente\/wp-json\/wp\/v2\/users\/19"}],"replies":[{"embeddable":true,"href":"https:\/\/www.locoxelrojo.com\/independiente\/wp-json\/wp\/v2\/comments?post=90261"}],"version-history":[{"count":1,"href":"https:\/\/www.locoxelrojo.com\/independiente\/wp-json\/wp\/v2\/posts\/90261\/revisions"}],"predecessor-version":[{"id":90263,"href":"https:\/\/www.locoxelrojo.com\/independiente\/wp-json\/wp\/v2\/posts\/90261\/revisions\/90263"}],"wp:featuredmedia":[{"embeddable":true,"href":"https:\/\/www.locoxelrojo.com\/independiente\/wp-json\/wp\/v2\/media\/90262"}],"wp:attachment":[{"href":"https:\/\/www.locoxelrojo.com\/independiente\/wp-json\/wp\/v2\/media?parent=90261"}],"wp:term":[{"taxonomy":"category","embeddable":true,"href":"https:\/\/www.locoxelrojo.com\/independiente\/wp-json\/wp\/v2\/categories?post=90261"},{"taxonomy":"post_tag","embeddable":true,"href":"https:\/\/www.locoxelrojo.com\/independiente\/wp-json\/wp\/v2\/tags?post=90261"}],"curies":[{"name":"wp","href":"https:\/\/api.w.org\/{rel}","templated":true}]}}