{"id":90398,"date":"2020-10-16T15:00:04","date_gmt":"2020-10-16T18:00:04","guid":{"rendered":"http:\/\/www.locoxelrojo.com\/independiente\/?p=90398"},"modified":"2020-10-16T16:17:42","modified_gmt":"2020-10-16T19:17:42","slug":"domingo-si-pudiera-elegir-donde-retirarme-elegiria-independiente","status":"publish","type":"post","link":"https:\/\/www.locoxelrojo.com\/independiente\/2020\/10\/16\/domingo-si-pudiera-elegir-donde-retirarme-elegiria-independiente\/","title":{"rendered":"Domingo: &#8220;Si pudiera elegir donde retirarme, elegir\u00eda Independiente&#8221;"},"content":{"rendered":"<p><strong>Nicol\u00e1s Domingo habl\u00f3 en Muy Independiente sobre su presente en Olimpia de Paraguay y el sue\u00f1o de retornar al Rojo.<\/strong><\/p>\n<p><strong>\u201cNo siento que haya sido apresurado irme de Independiente, no fue por algo deportivo&#8221;<\/strong>, expres\u00f3 el volante qui\u00e9n dejo el club cuando iniciaba el ciclo de Lucas Pusineri. <strong>&#8220;Es m\u00e1s, tuve la oportunidad de hablar con \u00e9l sobre el club y tenemos una buena relaci\u00f3n&#8221;<\/strong>, agreg\u00f3.<\/p>\n<p>Hoy por hoy defiende los colores de Olimpia, bajo las \u00f3rdenes de otro ex Independiente, Daniel Garnero: <strong>&#8220;Es una persona sencilla y correcta. Siempre nos pide que tengamos la pelota el mayor tiempo posible, nos da algunos conceptos y despu\u00e9s nos deja decidir muchas cosas a los jugadores&#8221;<\/strong>. Y sum\u00f3:<strong> \u201cMe siento entero f\u00edsicamente, termino bien los partidos&#8221;<\/strong>.<\/p>\n<p>Sin embargo, no se olvida de lo que vivi\u00f3 en el Rojo y no pierde las esperanzas de poder pegar la vuelta. <strong>&#8220;Cuando renov\u00e9 en Independiente pens\u00e9 que me iba a quedar y retirar ah\u00ed, pero el f\u00fatbol me present\u00f3 la oportunidad de cambiar de aire y era una decisi\u00f3n que opt\u00e9 por tomar. En Olimpia tengo contrato hasta diciembre de 2021, voy a tener 36 a\u00f1os. Si pudiera elegir donde retirarme, elegir\u00eda Independiente porque viv\u00ed cosas muy lindas. Es un club que me marc\u00f3&#8221;<\/strong>, cerr\u00f3.<\/p>\n","protected":false},"excerpt":{"rendered":"<p>Nicol\u00e1s Domingo habl\u00f3 en Muy Independiente sobre su presente en Olimpia de Paraguay y el sue\u00f1o de retornar al Rojo. \u201cNo siento que haya sido apresurado irme de Independiente, no fue por algo deportivo&#8221;, expres\u00f3 el volante qui\u00e9n dejo el club cuando iniciaba el ciclo de Lucas Pusineri. &#8220;Es m\u00e1s, tuve la oportunidad de hablar [&hellip;]<\/p>\n","protected":false},"author":1,"featured_media":78965,"comment_status":"open","ping_status":"closed","sticky":false,"template":"","format":"standard","meta":{"_links_to":"","_links_to_target":""},"categories":[3280,3247],"tags":[3367],"_links":{"self":[{"href":"https:\/\/www.locoxelrojo.com\/independiente\/wp-json\/wp\/v2\/posts\/90398"}],"collection":[{"href":"https:\/\/www.locoxelrojo.com\/independiente\/wp-json\/wp\/v2\/posts"}],"about":[{"href":"https:\/\/www.locoxelrojo.com\/independiente\/wp-json\/wp\/v2\/types\/post"}],"author":[{"embeddable":true,"href":"https:\/\/www.locoxelrojo.com\/independiente\/wp-json\/wp\/v2\/users\/1"}],"replies":[{"embeddable":true,"href":"https:\/\/www.locoxelrojo.com\/independiente\/wp-json\/wp\/v2\/comments?post=90398"}],"version-history":[{"count":2,"href":"https:\/\/www.locoxelrojo.com\/independiente\/wp-json\/wp\/v2\/posts\/90398\/revisions"}],"predecessor-version":[{"id":90410,"href":"https:\/\/www.locoxelrojo.com\/independiente\/wp-json\/wp\/v2\/posts\/90398\/revisions\/90410"}],"wp:featuredmedia":[{"embeddable":true,"href":"https:\/\/www.locoxelrojo.com\/independiente\/wp-json\/wp\/v2\/media\/78965"}],"wp:attachment":[{"href":"https:\/\/www.locoxelrojo.com\/independiente\/wp-json\/wp\/v2\/media?parent=90398"}],"wp:term":[{"taxonomy":"category","embeddable":true,"href":"https:\/\/www.locoxelrojo.com\/independiente\/wp-json\/wp\/v2\/categories?post=90398"},{"taxonomy":"post_tag","embeddable":true,"href":"https:\/\/www.locoxelrojo.com\/independiente\/wp-json\/wp\/v2\/tags?post=90398"}],"curies":[{"name":"wp","href":"https:\/\/api.w.org\/{rel}","templated":true}]}}