{"id":90406,"date":"2020-10-16T16:11:51","date_gmt":"2020-10-16T19:11:51","guid":{"rendered":"http:\/\/www.locoxelrojo.com\/independiente\/?p=90406"},"modified":"2020-10-16T16:33:19","modified_gmt":"2020-10-16T19:33:19","slug":"el-rojo-tiene-el-fixture-para-la-copa","status":"publish","type":"post","link":"https:\/\/www.locoxelrojo.com\/independiente\/2020\/10\/16\/el-rojo-tiene-el-fixture-para-la-copa\/","title":{"rendered":"\u00a1El Rojo tiene el fixture para la Copa!"},"content":{"rendered":"<p><a href=\"https:\/\/www.locoxelrojo.com\/independiente\/2020\/10\/16\/se-sorteo-la-copa-de-la-liga-profesional\/\">Luego de realizarse el sorteo que determin\u00f3 los tres integrantes que compartir\u00e1n la zona con Independiente<\/a> <strong>se dieron a conocer las seis fechas de la fase inicial<\/strong>, que comenzar\u00e1 el 30 de octubre.<\/p>\n<p><strong>El equipo de Lucas Pusineri debutar\u00e1 en el nuevo certamen contra Central C\u00f3rdoba en Santiago del Estero<\/strong>. Posteriormente recibir\u00e1 a Col\u00f3n en Avellaneda y visitar\u00e1 a Defensa y Justicia.<\/p>\n<p><strong>Luego se respetar\u00e1 el orden de los rivales pero se invertir\u00e1n las local\u00edas<\/strong>. Por ende, la fecha 4 ser\u00e1 contra el Ferroviario de local, la 5 ante el Sabalero en Santa Fe y cerrar\u00e1 con los de Varela en el Libertadores de Am\u00e9rica.<\/p>\n<p>A\u00fan no se conocen fechas ni horarios de los encuentros debido a que deben pulir esos detalles con la televisi\u00f3n. Probablemente esa cuesti\u00f3n se defina en la semana previa.<\/p>\n<blockquote class=\"twitter-tweet\">\n<p dir=\"ltr\" lang=\"es\">Para ir anotando &#x1f51c;<\/p>\n<p>As\u00ed ser\u00e1 el camino de <a href=\"https:\/\/twitter.com\/hashtag\/Independiente?src=hash&amp;ref_src=twsrc%5Etfw\">#Independiente<\/a> en la primera fase de la <a href=\"https:\/\/twitter.com\/hashtag\/CopaLigaProfesional?src=hash&amp;ref_src=twsrc%5Etfw\">#CopaLigaProfesional<\/a>.<a href=\"https:\/\/twitter.com\/hashtag\/TodoRojo?src=hash&amp;ref_src=twsrc%5Etfw\">#TodoRojo<\/a> &#x1f534; <a href=\"https:\/\/t.co\/VTdGOmtpTB\">pic.twitter.com\/VTdGOmtpTB<\/a><\/p>\n<p>\u2014 C. A. Independiente (@Independiente) <a href=\"https:\/\/twitter.com\/Independiente\/status\/1317186039312752640?ref_src=twsrc%5Etfw\">October 16, 2020<\/a><\/p><\/blockquote>\n<p><script async src=\"https:\/\/platform.twitter.com\/widgets.js\" charset=\"utf-8\"><\/script><\/p>\n","protected":false},"excerpt":{"rendered":"<p>Luego de realizarse el sorteo que determin\u00f3 los tres integrantes que compartir\u00e1n la zona con Independiente se dieron a conocer las seis fechas de la fase inicial, que comenzar\u00e1 el 30 de octubre. El equipo de Lucas Pusineri debutar\u00e1 en el nuevo certamen contra Central C\u00f3rdoba en Santiago del Estero. Posteriormente recibir\u00e1 a Col\u00f3n en [&hellip;]<\/p>\n","protected":false},"author":19,"featured_media":87247,"comment_status":"open","ping_status":"closed","sticky":false,"template":"","format":"standard","meta":{"_links_to":"","_links_to_target":""},"categories":[3280,3247],"tags":[4696,153,225,4697,896],"_links":{"self":[{"href":"https:\/\/www.locoxelrojo.com\/independiente\/wp-json\/wp\/v2\/posts\/90406"}],"collection":[{"href":"https:\/\/www.locoxelrojo.com\/independiente\/wp-json\/wp\/v2\/posts"}],"about":[{"href":"https:\/\/www.locoxelrojo.com\/independiente\/wp-json\/wp\/v2\/types\/post"}],"author":[{"embeddable":true,"href":"https:\/\/www.locoxelrojo.com\/independiente\/wp-json\/wp\/v2\/users\/19"}],"replies":[{"embeddable":true,"href":"https:\/\/www.locoxelrojo.com\/independiente\/wp-json\/wp\/v2\/comments?post=90406"}],"version-history":[{"count":3,"href":"https:\/\/www.locoxelrojo.com\/independiente\/wp-json\/wp\/v2\/posts\/90406\/revisions"}],"predecessor-version":[{"id":90411,"href":"https:\/\/www.locoxelrojo.com\/independiente\/wp-json\/wp\/v2\/posts\/90406\/revisions\/90411"}],"wp:featuredmedia":[{"embeddable":true,"href":"https:\/\/www.locoxelrojo.com\/independiente\/wp-json\/wp\/v2\/media\/87247"}],"wp:attachment":[{"href":"https:\/\/www.locoxelrojo.com\/independiente\/wp-json\/wp\/v2\/media?parent=90406"}],"wp:term":[{"taxonomy":"category","embeddable":true,"href":"https:\/\/www.locoxelrojo.com\/independiente\/wp-json\/wp\/v2\/categories?post=90406"},{"taxonomy":"post_tag","embeddable":true,"href":"https:\/\/www.locoxelrojo.com\/independiente\/wp-json\/wp\/v2\/tags?post=90406"}],"curies":[{"name":"wp","href":"https:\/\/api.w.org\/{rel}","templated":true}]}}