{"id":90447,"date":"2020-10-17T08:18:06","date_gmt":"2020-10-17T11:18:06","guid":{"rendered":"http:\/\/www.locoxelrojo.com\/independiente\/?p=90447"},"modified":"2020-10-17T16:05:57","modified_gmt":"2020-10-17T19:05:57","slug":"burruchaga-la-expectativa-es-hacer-una-buena-copa-de-la-liga","status":"publish","type":"post","link":"https:\/\/www.locoxelrojo.com\/independiente\/2020\/10\/17\/burruchaga-la-expectativa-es-hacer-una-buena-copa-de-la-liga\/","title":{"rendered":"Burruchaga: &#8220;La expectativa es hacer una buena Copa de la Liga&#8221;"},"content":{"rendered":"<p>El m\u00e1nager de Independiente dialog\u00f3 unos minutos con la prensa previo a los amistosos de esta ma\u00f1ana ante Banfield y <strong>dio su opini\u00f3n de como se encuentra el plantel y la expectativa que tiene en el equipo.<\/strong><\/p>\n<p><strong>&#8220;Estamos bien, con un plantel que ha tenido incorporaciones y con regresos como el de Hern\u00e1ndez. Creemos que tenemos un plantel competitivo&#8221;<\/strong>, comenz\u00f3 diciendo Burru en di\u00e1logo con TNT Sports.<\/p>\n<p>Despu\u00e9s, acerca de los objetivos que tendr\u00e1 el Rojo con muchos juveniles, el dirigente asegur\u00f3: <strong>&#8220;Veo a los chicos del club que est\u00e1n en un momento importante y creo que nos van a dar resultados. Las expectativas de todos es hacer una buena Copa de la Liga, la historia de Independiente no te permite plantearte ir a menos&#8221;.<\/strong><\/p>\n<p><strong>&#8220;La idea es seguir profundizando el trabajo en inferiores. En estos a\u00f1os, Independiente ha vendido bien a algunos juveniles y la idea es seguir en esa l\u00ednea&#8221;<\/strong>, concluy\u00f3 Burruchaga haciendo un balance del trabajo a realizar en la instituci\u00f3n.<\/p>\n","protected":false},"excerpt":{"rendered":"<p>El m\u00e1nager de Independiente dialog\u00f3 unos minutos con la prensa previo a los amistosos de esta ma\u00f1ana ante Banfield y dio su opini\u00f3n de como se encuentra el plantel y la expectativa que tiene en el equipo. &#8220;Estamos bien, con un plantel que ha tenido incorporaciones y con regresos como el de Hern\u00e1ndez. Creemos que [&hellip;]<\/p>\n","protected":false},"author":101017,"featured_media":89228,"comment_status":"open","ping_status":"closed","sticky":false,"template":"","format":"standard","meta":{"_links_to":"","_links_to_target":""},"categories":[3280,3247],"tags":[153,4519,1580],"_links":{"self":[{"href":"https:\/\/www.locoxelrojo.com\/independiente\/wp-json\/wp\/v2\/posts\/90447"}],"collection":[{"href":"https:\/\/www.locoxelrojo.com\/independiente\/wp-json\/wp\/v2\/posts"}],"about":[{"href":"https:\/\/www.locoxelrojo.com\/independiente\/wp-json\/wp\/v2\/types\/post"}],"author":[{"embeddable":true,"href":"https:\/\/www.locoxelrojo.com\/independiente\/wp-json\/wp\/v2\/users\/101017"}],"replies":[{"embeddable":true,"href":"https:\/\/www.locoxelrojo.com\/independiente\/wp-json\/wp\/v2\/comments?post=90447"}],"version-history":[{"count":1,"href":"https:\/\/www.locoxelrojo.com\/independiente\/wp-json\/wp\/v2\/posts\/90447\/revisions"}],"predecessor-version":[{"id":90448,"href":"https:\/\/www.locoxelrojo.com\/independiente\/wp-json\/wp\/v2\/posts\/90447\/revisions\/90448"}],"wp:featuredmedia":[{"embeddable":true,"href":"https:\/\/www.locoxelrojo.com\/independiente\/wp-json\/wp\/v2\/media\/89228"}],"wp:attachment":[{"href":"https:\/\/www.locoxelrojo.com\/independiente\/wp-json\/wp\/v2\/media?parent=90447"}],"wp:term":[{"taxonomy":"category","embeddable":true,"href":"https:\/\/www.locoxelrojo.com\/independiente\/wp-json\/wp\/v2\/categories?post=90447"},{"taxonomy":"post_tag","embeddable":true,"href":"https:\/\/www.locoxelrojo.com\/independiente\/wp-json\/wp\/v2\/tags?post=90447"}],"curies":[{"name":"wp","href":"https:\/\/api.w.org\/{rel}","templated":true}]}}