{"id":90492,"date":"2020-10-20T14:51:57","date_gmt":"2020-10-20T17:51:57","guid":{"rendered":"http:\/\/www.locoxelrojo.com\/independiente\/?p=90492"},"modified":"2020-10-20T17:20:53","modified_gmt":"2020-10-20T20:20:53","slug":"santoro-estoy-ansioso-porque-llegue-el-jueves","status":"publish","type":"post","link":"https:\/\/www.locoxelrojo.com\/independiente\/2020\/10\/20\/santoro-estoy-ansioso-porque-llegue-el-jueves\/","title":{"rendered":"Santoro: &#8220;Estoy ansioso porque llegue el jueves&#8221;"},"content":{"rendered":"<p><strong>Miguel \u00c1ngel Santoro<\/strong> habl\u00f3 en Muy Independiente <strong>sobre el homenaje que tendr\u00e1 junto a Ricardo Pavoni en el Libertadores de Am\u00e9rica<\/strong>, <a href=\"https:\/\/www.locoxelrojo.com\/independiente\/2020\/10\/19\/tribunas-santoro-y-pavoni-homenaje-en-vida-para-dos-glorias\/\">cuando las tribunas Norte y Sur pasen a tener el nombre de dos glorias del club.<\/a><\/p>\n<p><strong>&#8220;Estoy contento y emocionado. Desde que me notificaron la decisi\u00f3n, se me vinieron muchos recuerdos a la cabeza y, sobre todo, pens\u00e9 en gente que hoy en d\u00eda no puede celebrar esto tan lindo con uno&#8221;<\/strong>, expres\u00f3 Pep\u00e9 y agreg\u00f3: <strong>&#8220;Invit\u00e9 a los hijos de personas que ya no est\u00e1n pero que vinieron de muy cerca las cosas del club&#8221;.<\/strong><\/p>\n<p>Con 10 t\u00edtulos defendiendo el arco del Rojo y varias veces asumiendo el rol de DT interino, Santoro sigue ligado al club: <strong>&#8220;H\u00e9ctor Maldonado me dio la noticia de que se hab\u00eda oficializado el cambio de nombre en las tribunas. Estoy ansioso porque llegue el jueves&#8221;.<\/strong><\/p>\n<p>Al ser consultado por otra figura importante en la historia del Rey de Copas que faltar\u00eda que tenga un homenaje, el ex arquero asegur\u00f3: <strong>&#8220;Si yo tuviera que elegir qui\u00e9n merecer\u00eda otro reconocimiento de estos, ser\u00eda Pipo Ferreiro. \u00c9l fue un gran jugador que se fue y volvi\u00f3 al club, fue campe\u00f3n del mundo y adem\u00e1s una gran persona&#8221;.<\/strong><\/p>\n","protected":false},"excerpt":{"rendered":"<p>Miguel \u00c1ngel Santoro habl\u00f3 en Muy Independiente sobre el homenaje que tendr\u00e1 junto a Ricardo Pavoni en el Libertadores de Am\u00e9rica, cuando las tribunas Norte y Sur pasen a tener el nombre de dos glorias del club. &#8220;Estoy contento y emocionado. Desde que me notificaron la decisi\u00f3n, se me vinieron muchos recuerdos a la cabeza [&hellip;]<\/p>\n","protected":false},"author":101024,"featured_media":79636,"comment_status":"open","ping_status":"closed","sticky":false,"template":"","format":"standard","meta":{"_links_to":"","_links_to_target":""},"categories":[3280,3247],"tags":[153,4519,749,110],"_links":{"self":[{"href":"https:\/\/www.locoxelrojo.com\/independiente\/wp-json\/wp\/v2\/posts\/90492"}],"collection":[{"href":"https:\/\/www.locoxelrojo.com\/independiente\/wp-json\/wp\/v2\/posts"}],"about":[{"href":"https:\/\/www.locoxelrojo.com\/independiente\/wp-json\/wp\/v2\/types\/post"}],"author":[{"embeddable":true,"href":"https:\/\/www.locoxelrojo.com\/independiente\/wp-json\/wp\/v2\/users\/101024"}],"replies":[{"embeddable":true,"href":"https:\/\/www.locoxelrojo.com\/independiente\/wp-json\/wp\/v2\/comments?post=90492"}],"version-history":[{"count":2,"href":"https:\/\/www.locoxelrojo.com\/independiente\/wp-json\/wp\/v2\/posts\/90492\/revisions"}],"predecessor-version":[{"id":90506,"href":"https:\/\/www.locoxelrojo.com\/independiente\/wp-json\/wp\/v2\/posts\/90492\/revisions\/90506"}],"wp:featuredmedia":[{"embeddable":true,"href":"https:\/\/www.locoxelrojo.com\/independiente\/wp-json\/wp\/v2\/media\/79636"}],"wp:attachment":[{"href":"https:\/\/www.locoxelrojo.com\/independiente\/wp-json\/wp\/v2\/media?parent=90492"}],"wp:term":[{"taxonomy":"category","embeddable":true,"href":"https:\/\/www.locoxelrojo.com\/independiente\/wp-json\/wp\/v2\/categories?post=90492"},{"taxonomy":"post_tag","embeddable":true,"href":"https:\/\/www.locoxelrojo.com\/independiente\/wp-json\/wp\/v2\/tags?post=90492"}],"curies":[{"name":"wp","href":"https:\/\/api.w.org\/{rel}","templated":true}]}}