{"id":90503,"date":"2020-10-20T15:20:22","date_gmt":"2020-10-20T18:20:22","guid":{"rendered":"http:\/\/www.locoxelrojo.com\/independiente\/?p=90503"},"modified":"2020-10-20T17:21:19","modified_gmt":"2020-10-20T20:21:19","slug":"pavoni-es-un-honor-inmenso-que-mi-nombre-este-en-las-tribunas-del-estadio","status":"publish","type":"post","link":"https:\/\/www.locoxelrojo.com\/independiente\/2020\/10\/20\/pavoni-es-un-honor-inmenso-que-mi-nombre-este-en-las-tribunas-del-estadio\/","title":{"rendered":"Pavoni: &#8220;Es un honor inmenso que mi nombre est\u00e9 en las tribunas del estadio&#8221;"},"content":{"rendered":"<p><a href=\"https:\/\/www.locoxelrojo.com\/independiente\/2020\/10\/20\/santoro-estoy-ansioso-porque-llegue-el-jueves\/\">Al igual que lo hizo Miguel \u00c1ngel Santoro<\/a>, <strong>Ricardo Pavoni pas\u00f3 por lo micr\u00f3fonos de Muy Independiente y <a href=\"https:\/\/www.locoxelrojo.com\/independiente\/2020\/10\/19\/tribunas-santoro-y-pavoni-homenaje-en-vida-para-dos-glorias\/\">se mostr\u00f3 orgulloso por el homenaje que le har\u00e1 el Rojo en el Libertadores de Am\u00e9rica. <\/a><\/strong><\/p>\n<p><strong>&#8220;Es un honor inmenso que mi nombre est\u00e9 en las tribunas del estadio de Independiente. Cuando vaya a verlo seguro se me van a venir todos los sentimientos juntos a la cabeza&#8221;<\/strong>, cont\u00f3 una de las m\u00e1ximas glorias que tiene la rica historia del club. <strong>&#8220;La palabra gracias queda chica con este regalo. Con Pep\u00e9 jugamos toda la vida juntos&#8221;<\/strong>, agreg\u00f3.<\/p>\n<p>Luego, expres\u00f3 que sinti\u00f3 al enterarse sobre esta decisi\u00f3n: <strong>&#8220;Jam\u00e1s se me hubiera ocurrido que el club haga esto conmigo, pero cuando empez\u00f3 a circular el rumor empec\u00e9 a pensar que era posible, ni hablar cuando me llamaron para darme la palabra de que esto iba a concretarse. Cuando uno est\u00e1 emocionado llora y se r\u00ede al mismo tiempo, por eso es dif\u00edcil explicar lo que siento. Va a ser un momento lindo pero dif\u00edcil porque me voy a acordar de toda la gente que me daba la mano de chico para llevarme a jugar&#8221;<\/strong>.<\/p>\n<p><strong>&#8220;Si voy a lo deportivo, mi mejor recuerdo del club es jugar doce a\u00f1os y salir doce veces campe\u00f3n. Pero tengo algo muy marcado que fue cuando apenas llegu\u00e9 de Defensor Sporting, me par\u00e9 frente a la sede y dije: &#8216;mira a d\u00f3nde vine'&#8221;<\/strong>, cerr\u00f3.<\/p>\n","protected":false},"excerpt":{"rendered":"<p>Al igual que lo hizo Miguel \u00c1ngel Santoro, Ricardo Pavoni pas\u00f3 por lo micr\u00f3fonos de Muy Independiente y se mostr\u00f3 orgulloso por el homenaje que le har\u00e1 el Rojo en el Libertadores de Am\u00e9rica. &#8220;Es un honor inmenso que mi nombre est\u00e9 en las tribunas del estadio de Independiente. Cuando vaya a verlo seguro se [&hellip;]<\/p>\n","protected":false},"author":1,"featured_media":90504,"comment_status":"open","ping_status":"closed","sticky":false,"template":"","format":"standard","meta":{"_links_to":"","_links_to_target":""},"categories":[3280,3247],"tags":[153,4492,110],"_links":{"self":[{"href":"https:\/\/www.locoxelrojo.com\/independiente\/wp-json\/wp\/v2\/posts\/90503"}],"collection":[{"href":"https:\/\/www.locoxelrojo.com\/independiente\/wp-json\/wp\/v2\/posts"}],"about":[{"href":"https:\/\/www.locoxelrojo.com\/independiente\/wp-json\/wp\/v2\/types\/post"}],"author":[{"embeddable":true,"href":"https:\/\/www.locoxelrojo.com\/independiente\/wp-json\/wp\/v2\/users\/1"}],"replies":[{"embeddable":true,"href":"https:\/\/www.locoxelrojo.com\/independiente\/wp-json\/wp\/v2\/comments?post=90503"}],"version-history":[{"count":1,"href":"https:\/\/www.locoxelrojo.com\/independiente\/wp-json\/wp\/v2\/posts\/90503\/revisions"}],"predecessor-version":[{"id":90505,"href":"https:\/\/www.locoxelrojo.com\/independiente\/wp-json\/wp\/v2\/posts\/90503\/revisions\/90505"}],"wp:featuredmedia":[{"embeddable":true,"href":"https:\/\/www.locoxelrojo.com\/independiente\/wp-json\/wp\/v2\/media\/90504"}],"wp:attachment":[{"href":"https:\/\/www.locoxelrojo.com\/independiente\/wp-json\/wp\/v2\/media?parent=90503"}],"wp:term":[{"taxonomy":"category","embeddable":true,"href":"https:\/\/www.locoxelrojo.com\/independiente\/wp-json\/wp\/v2\/categories?post=90503"},{"taxonomy":"post_tag","embeddable":true,"href":"https:\/\/www.locoxelrojo.com\/independiente\/wp-json\/wp\/v2\/tags?post=90503"}],"curies":[{"name":"wp","href":"https:\/\/api.w.org\/{rel}","templated":true}]}}