{"id":90527,"date":"2020-10-22T11:45:24","date_gmt":"2020-10-22T14:45:24","guid":{"rendered":"http:\/\/www.locoxelrojo.com\/independiente\/?p=90527"},"modified":"2020-10-22T11:45:24","modified_gmt":"2020-10-22T14:45:24","slug":"por-champions-aguero-anoto-de-penal-y-gol-en-contra-de-tagliafico","status":"publish","type":"post","link":"https:\/\/www.locoxelrojo.com\/independiente\/2020\/10\/22\/por-champions-aguero-anoto-de-penal-y-gol-en-contra-de-tagliafico\/","title":{"rendered":"Por Champions, Ag\u00fcero anot\u00f3 de penal y gol en contra de Tagliafico"},"content":{"rendered":"<p>Con el comienzo de una nueva Champions League, en la jornada de ayer, <strong>dos ex Independiente fueron protagonistas de sus equipos en sus partidos.<\/strong><\/p>\n<p><strong>Sergio Ag\u00fcero<\/strong>, que hab\u00eda vuelto a jugar luego de algunos meses por una lesi\u00f3n en la rodilla el fin de semana pasado ante el Arsenal, <strong>convirti\u00f3 el primer tanto de la victoria del Manchester City por 3-1 ante el Porto, de penal. Es el primer gol en la temporada para el Kun que de a poco va tomando ritmo.<\/strong><\/p>\n<p><iframe loading=\"lazy\" src=\"https:\/\/www.youtube.com\/embed\/DbUyN0WSVzQ?start=123\" width=\"560\" height=\"315\" frameborder=\"0\" allowfullscreen=\"allowfullscreen\"><\/iframe><\/p>\n<p>En la otra cara de la moneda, <strong>el que no tuvo una buena noche fue Nicol\u00e1s Tagliafico.<\/strong> El ex capit\u00e1n del Rojo tuvo la <strong>mala fortuna de convertir un gol en propia meta tras desviar un centro rasante de Sadio Man\u00e9, lo que le signific\u00f3 la derrota 1-0 al Ajax como local ante el Liverpool.<\/strong><\/p>\n<p><iframe loading=\"lazy\" src=\"https:\/\/www.youtube.com\/embed\/cRM_GOJEuRw?start=192\" width=\"560\" height=\"315\" frameborder=\"0\" allowfullscreen=\"allowfullscreen\"><\/iframe><\/p>\n","protected":false},"excerpt":{"rendered":"<p>Con el comienzo de una nueva Champions League, en la jornada de ayer, dos ex Independiente fueron protagonistas de sus equipos en sus partidos. Sergio Ag\u00fcero, que hab\u00eda vuelto a jugar luego de algunos meses por una lesi\u00f3n en la rodilla el fin de semana pasado ante el Arsenal, convirti\u00f3 el primer tanto de la [&hellip;]<\/p>\n","protected":false},"author":101017,"featured_media":90528,"comment_status":"open","ping_status":"closed","sticky":false,"template":"","format":"standard","meta":{"_links_to":"","_links_to_target":""},"categories":[2043,3247],"tags":[153,62,1600,3277],"_links":{"self":[{"href":"https:\/\/www.locoxelrojo.com\/independiente\/wp-json\/wp\/v2\/posts\/90527"}],"collection":[{"href":"https:\/\/www.locoxelrojo.com\/independiente\/wp-json\/wp\/v2\/posts"}],"about":[{"href":"https:\/\/www.locoxelrojo.com\/independiente\/wp-json\/wp\/v2\/types\/post"}],"author":[{"embeddable":true,"href":"https:\/\/www.locoxelrojo.com\/independiente\/wp-json\/wp\/v2\/users\/101017"}],"replies":[{"embeddable":true,"href":"https:\/\/www.locoxelrojo.com\/independiente\/wp-json\/wp\/v2\/comments?post=90527"}],"version-history":[{"count":1,"href":"https:\/\/www.locoxelrojo.com\/independiente\/wp-json\/wp\/v2\/posts\/90527\/revisions"}],"predecessor-version":[{"id":90529,"href":"https:\/\/www.locoxelrojo.com\/independiente\/wp-json\/wp\/v2\/posts\/90527\/revisions\/90529"}],"wp:featuredmedia":[{"embeddable":true,"href":"https:\/\/www.locoxelrojo.com\/independiente\/wp-json\/wp\/v2\/media\/90528"}],"wp:attachment":[{"href":"https:\/\/www.locoxelrojo.com\/independiente\/wp-json\/wp\/v2\/media?parent=90527"}],"wp:term":[{"taxonomy":"category","embeddable":true,"href":"https:\/\/www.locoxelrojo.com\/independiente\/wp-json\/wp\/v2\/categories?post=90527"},{"taxonomy":"post_tag","embeddable":true,"href":"https:\/\/www.locoxelrojo.com\/independiente\/wp-json\/wp\/v2\/tags?post=90527"}],"curies":[{"name":"wp","href":"https:\/\/api.w.org\/{rel}","templated":true}]}}