{"id":90601,"date":"2020-10-24T21:15:57","date_gmt":"2020-10-25T00:15:57","guid":{"rendered":"http:\/\/www.locoxelrojo.com\/independiente\/?p=90601"},"modified":"2020-10-24T21:55:55","modified_gmt":"2020-10-25T00:55:55","slug":"desde-hoy-y-para-siempre-tribuna-santoro-y-tribuna-pavoni","status":"publish","type":"post","link":"https:\/\/www.locoxelrojo.com\/independiente\/2020\/10\/24\/desde-hoy-y-para-siempre-tribuna-santoro-y-tribuna-pavoni\/","title":{"rendered":"Desde hoy y para siempre: Tribuna Santoro y Tribuna Pavoni"},"content":{"rendered":"<p><strong>Miguel \u00c1ngel Santoro y Ricardo Elbio Pavoni tuvieron un merecido homenaje en vida en el Estadio Libertadores de Am\u00e9rica. Las Tribunas Norte y Sur llevar\u00e1n sus nombres a partir de hoy.<\/strong><\/p>\n<p>Este s\u00e1bado se realiz\u00f3 un impresionante evento para inmortalizar en el estadio dos apellidos que hicieron gigante al Club Atl\u00e9tico Independiente. Una noche llena de momentos emotivos que empez\u00f3 cerca de las 20, cuando Pep\u00e9 y el Chivo ingresaron al campo de juego en medio de una impresionante puesta en escena.<\/p>\n<blockquote class=\"twitter-tweet\">\n<p dir=\"ltr\" lang=\"es\">Pep\u00e9 Santoro y el Chivo Pavoni, emocionados por el reconocimiento de Independiente, recibieron una placa conmemorativa por ser glorias del club &#x1f44f;&#x1f3fc;&#x1f44f;&#x1f3fc;&#x1f44f;&#x1f3fc; <a href=\"https:\/\/t.co\/zG53rFT68N\">pic.twitter.com\/zG53rFT68N<\/a><\/p>\n<p>\u2014 TNT Sports LA (en &#x1f3e1;) (@TNTSportsLA) <a href=\"https:\/\/twitter.com\/TNTSportsLA\/status\/1320165788809048064?ref_src=twsrc%5Etfw\">October 25, 2020<\/a><\/p><\/blockquote>\n<p><script async src=\"https:\/\/platform.twitter.com\/widgets.js\" charset=\"utf-8\"><\/script><\/p>\n<p>Luego, con la conducci\u00f3n de Walter Nelson y Rom\u00e1n Iucht, los \u00eddolos revivieron con emoci\u00f3n distintas haza\u00f1as de las que fueron part\u00edcipes, demostraron su profundo sentido de pertenencia con Independiente y recibieron saludos de sus familiares y excompa\u00f1eros.<\/p>\n<p>Finalmente, el momento m\u00e1s espectacular de la ceremonia: la presentaci\u00f3n de las nuevas cabeceras con los nombres de los \u00eddolos. Un fabuloso mapping sobre las Tribunas Norte y Sur las rebautiz\u00f3 para siempre como Tribuna Miguel \u00c1ngel Santoro y Tribuna Ricardo Elbio Pavoni respectivamente.<\/p>\n<blockquote class=\"twitter-tweet\">\n<p dir=\"ltr\" lang=\"es\">\u00a1Merecido reconocimiento! As\u00ed presentaban las tribunas Miguel \u00c1ngel Santoro y Ricardo Elbio Pavoni en el Estadio Libertadores de Am\u00e9rica. Pep\u00e9 y el Chivo, historia viva de Independiente &#x1f44f;&#x1f3fc;&#x1f44f;&#x1f3fc;&#x1f44f;&#x1f3fc; <a href=\"https:\/\/t.co\/lhxOOQVYX2\">pic.twitter.com\/lhxOOQVYX2<\/a><\/p>\n<p>\u2014 TNT Sports LA (en &#x1f3e1;) (@TNTSportsLA) <a href=\"https:\/\/twitter.com\/TNTSportsLA\/status\/1320164780372525056?ref_src=twsrc%5Etfw\">October 25, 2020<\/a><\/p><\/blockquote>\n<p><script async src=\"https:\/\/platform.twitter.com\/widgets.js\" charset=\"utf-8\"><\/script><\/p>\n<p>Sobre el cierre, ambos recibieron una placa conmemorativa y una gigantograf\u00eda de una foto juntos con la Copa Libertadores de Am\u00e9rica que los hizo emocionarse.<\/p>\n","protected":false},"excerpt":{"rendered":"<p>Miguel \u00c1ngel Santoro y Ricardo Elbio Pavoni tuvieron un merecido homenaje en vida en el Estadio Libertadores de Am\u00e9rica. Las Tribunas Norte y Sur llevar\u00e1n sus nombres a partir de hoy. Este s\u00e1bado se realiz\u00f3 un impresionante evento para inmortalizar en el estadio dos apellidos que hicieron gigante al Club Atl\u00e9tico Independiente. Una noche llena [&hellip;]<\/p>\n","protected":false},"author":8,"featured_media":90602,"comment_status":"open","ping_status":"closed","sticky":false,"template":"","format":"standard","meta":{"_links_to":"","_links_to_target":""},"categories":[3280,3247],"tags":[153,247,749,110],"_links":{"self":[{"href":"https:\/\/www.locoxelrojo.com\/independiente\/wp-json\/wp\/v2\/posts\/90601"}],"collection":[{"href":"https:\/\/www.locoxelrojo.com\/independiente\/wp-json\/wp\/v2\/posts"}],"about":[{"href":"https:\/\/www.locoxelrojo.com\/independiente\/wp-json\/wp\/v2\/types\/post"}],"author":[{"embeddable":true,"href":"https:\/\/www.locoxelrojo.com\/independiente\/wp-json\/wp\/v2\/users\/8"}],"replies":[{"embeddable":true,"href":"https:\/\/www.locoxelrojo.com\/independiente\/wp-json\/wp\/v2\/comments?post=90601"}],"version-history":[{"count":3,"href":"https:\/\/www.locoxelrojo.com\/independiente\/wp-json\/wp\/v2\/posts\/90601\/revisions"}],"predecessor-version":[{"id":90605,"href":"https:\/\/www.locoxelrojo.com\/independiente\/wp-json\/wp\/v2\/posts\/90601\/revisions\/90605"}],"wp:featuredmedia":[{"embeddable":true,"href":"https:\/\/www.locoxelrojo.com\/independiente\/wp-json\/wp\/v2\/media\/90602"}],"wp:attachment":[{"href":"https:\/\/www.locoxelrojo.com\/independiente\/wp-json\/wp\/v2\/media?parent=90601"}],"wp:term":[{"taxonomy":"category","embeddable":true,"href":"https:\/\/www.locoxelrojo.com\/independiente\/wp-json\/wp\/v2\/categories?post=90601"},{"taxonomy":"post_tag","embeddable":true,"href":"https:\/\/www.locoxelrojo.com\/independiente\/wp-json\/wp\/v2\/tags?post=90601"}],"curies":[{"name":"wp","href":"https:\/\/api.w.org\/{rel}","templated":true}]}}