{"id":90652,"date":"2020-10-26T19:01:30","date_gmt":"2020-10-26T22:01:30","guid":{"rendered":"http:\/\/www.locoxelrojo.com\/independiente\/?p=90652"},"modified":"2020-10-26T22:12:43","modified_gmt":"2020-10-27T01:12:43","slug":"el-arbitro-para-el-debut-en-santiago-del-estero","status":"publish","type":"post","link":"https:\/\/www.locoxelrojo.com\/independiente\/2020\/10\/26\/el-arbitro-para-el-debut-en-santiago-del-estero\/","title":{"rendered":"El \u00e1rbitro para el debut en Santiago del Estero"},"content":{"rendered":"<p>La Asociaci\u00f3n del F\u00fatbol Argentino confirm\u00f3 a los \u00e1rbitros para la 1\u00aa de la Copa Liga Profesional. <strong>Pablo D\u00f3valo fue designado para el partido entre Central C\u00f3rdoba e Independiente en Santiago del Estero<\/strong>.<\/p>\n<p>El Rojo jug\u00f3 un solo partido bajo las \u00f3rdenes de este juez. Fue en la <strong>derrota 1-0 ante Banfield en el Estadio Libertadores de Am\u00e9rica<\/strong>, por la 16\u00aa fecha de la \u00faltima Superliga.<\/p>\n<p>Aquella noche en Avellaneda, D\u00f3valo no cobr\u00f3 un grosero penal para Independiente a los 29 minutos del segundo tiempo. Tras un centro de Pablo Hern\u00e1ndez, <strong>Jorge Rodr\u00edguez estir\u00f3 el brazo y toc\u00f3 la pelota con la mano adentro del \u00e1rea<\/strong> ante la clara vista del juez de l\u00ednea, pero ni el asistente ni el \u00e1rbitro principal vieron la acci\u00f3n.<\/p>\n<blockquote class=\"twitter-tweet\">\n<p dir=\"ltr\" lang=\"es\"><a href=\"https:\/\/twitter.com\/hashtag\/TNTSports?src=hash&amp;ref_src=twsrc%5Etfw\">#TNTSports<\/a> | \u00bfQu\u00e9 pas\u00f3 ah\u00ed? Jorge Rodr\u00edguez estir\u00f3 el brazo y pareci\u00f3 haberle pegado.<br \/>\nPara D\u00f3valo no fue nada, \u00bfest\u00e1s de acuerdo?<\/p>\n<p>&#x1f503; S\u00ed, peg\u00f3 en la cabeza de Figal.<br \/>\n&#x2764;&#xfe0f; No, era penal para Independiente.<a href=\"https:\/\/twitter.com\/hashtag\/Independiente?src=hash&amp;ref_src=twsrc%5Etfw\">#Independiente<\/a> &#x1f19a; <a href=\"https:\/\/twitter.com\/hashtag\/Banfield?src=hash&amp;ref_src=twsrc%5Etfw\">#Banfield<\/a> <a href=\"https:\/\/t.co\/siVAyGkgiu\">pic.twitter.com\/siVAyGkgiu<\/a><\/p>\n<p>\u2014 TNT Sports LA (en &#x1f3e1;) (@TNTSportsLA) <a href=\"https:\/\/twitter.com\/TNTSportsLA\/status\/1203130611264892928?ref_src=twsrc%5Etfw\">December 7, 2019<\/a><\/p><\/blockquote>\n<p><script async src=\"https:\/\/platform.twitter.com\/widgets.js\" charset=\"utf-8\"><\/script><\/p>\n<h3>La n\u00f3mina completa de \u00e1rbitros<\/h3>\n<h4><strong>Viernes 30 de octubre<\/strong><\/h4>\n<p>19.00 Gimnasia y Esgrima La Plata \u2013 Patronato<br \/>\n\u00c1rbitro: Diego Abal<br \/>\nAsistente 1: Javier Uziga<br \/>\nAsistente 2: Gisella Trucco<br \/>\nCuarto \u00e1rbitro: Leandro Rey Hilfer<\/p>\n<p>21.15 Talleres \u2013 Newell\u2019s<br \/>\n\u00c1rbitro: Dar\u00edo Herrera<br \/>\nAsistente 1: Alejo Castany<br \/>\nAsistente 2: Gerardo Lencina<br \/>\nCuarto \u00e1rbitro: Luis Lobo Medina<\/p>\n<h4><strong>S\u00e1bado 31 de octubre<\/strong><\/h4>\n<p>14.00 Aldosivi \u2013 Estudiantes de La Plata<br \/>\n\u00c1rbitro: Jorge Bali\u00f1o<br \/>\nAsistente 1: Andr\u00e9s Barbieri<br \/>\nAsistente 2: Hugo P\u00e1ez<br \/>\nCuarto \u00e1rbitro: Lucas Novelli<\/p>\n<p>16.15 V\u00e9lez Sarsfield \u2013 Hurac\u00e1n<br \/>\n\u00c1rbitro: Facundo Tello<br \/>\nAsistente 1: Ezequiel Brailovsky<br \/>\nAsistente 2: Diego Verlotta<br \/>\nCuarto \u00e1rbitro: Lucas Comesa\u00f1a<\/p>\n<p>18.45 Argentinos Juniors \u2013 San Lorenzo<br \/>\n\u00c1rbitro: Pablo Echavarr\u00eda<br \/>\nAsistente 1: Diego Romero<br \/>\nAsistente 2: Diego Mart\u00edn<br \/>\nCuarto \u00e1rbitro: Julio Barraza<\/p>\n<p>21.15 Lan\u00fas \u2013 Boca<br \/>\n\u00c1rbitro: Fernando Rapallini<br \/>\nAsistente 1: Juan Pablo Belatti<br \/>\nAsistente 2: Diego Bonf\u00e1<br \/>\nCuarto \u00e1rbitro: Yael Falc\u00f3n<\/p>\n<h4><strong>Domingo 1 de noviembre<\/strong><\/h4>\n<p>11.00 Defensa y Justicia \u2013 Col\u00f3n<br \/>\n\u00c1rbitro: Ariel Penel<br \/>\nAsistente 1: Gerardo Carretero<br \/>\nAsistente 2: Adri\u00e1n Delbarba<br \/>\nCuarto \u00e1rbitro: Pablo Gim\u00e9nez<\/p>\n<p>14.00 Uni\u00f3n \u2013 Arsenal<br \/>\n\u00c1rbitro: Silvio Trucco<br \/>\nAsistente 1: Iv\u00e1n N\u00fa\u00f1ez<br \/>\nAsistente 2: Dami\u00e1n Espinoza<br \/>\nCuarto \u00e1rbitro: Rodrigo Rivero<\/p>\n<p>16.15 Racing \u2013 Atl\u00e9tico de Tucum\u00e1n<br \/>\n\u00c1rbitro: N\u00e9stor Pitana<br \/>\nAsistente 1: Ariel Scime<br \/>\nAsistente 2: Jos\u00e9 Savorani<br \/>\nCuarto \u00e1rbitro: Carlos C\u00f3rdoba<\/p>\n<p>18.45 Central C\u00f3rdoba \u2013 Independiente<br \/>\n\u00c1rbitro: Pablo Dovalo<br \/>\nAsistente 1: Gabriel Chade<br \/>\nAsistente 2: Facundo Rodr\u00edguez<br \/>\nCuarto \u00e1rbitro: Diego Ceballos<\/p>\n<p>21.15 River \u2013 Banfield<br \/>\n\u00c1rbitro: Germ\u00e1n Delfino<br \/>\nAsistente 1: Hern\u00e1n Maidana<br \/>\nAsistente 2: Jos\u00e9 Castelli<br \/>\nCuarto \u00e1rbitro: Nazareno Arasa<\/p>\n<h4><strong>Lunes 2 de noviembre<\/strong><\/h4>\n<p>21.15 Rosario Central \u2013 Godoy Cruz<br \/>\n\u00c1rbitro: Hern\u00e1n Mastr\u00e1ngelo<br \/>\nAsistente 1: Pablo Gonz\u00e1lez<br \/>\nAsistente 2: Eduardo Lucero<br \/>\nCuarto \u00e1rbitro: Sebasti\u00e1n Zunino<\/p>\n","protected":false},"excerpt":{"rendered":"<p>La Asociaci\u00f3n del F\u00fatbol Argentino confirm\u00f3 a los \u00e1rbitros para la 1\u00aa de la Copa Liga Profesional. Pablo D\u00f3valo fue designado para el partido entre Central C\u00f3rdoba e Independiente en Santiago del Estero. El Rojo jug\u00f3 un solo partido bajo las \u00f3rdenes de este juez. Fue en la derrota 1-0 ante Banfield en el Estadio [&hellip;]<\/p>\n","protected":false},"author":8,"featured_media":90654,"comment_status":"open","ping_status":"closed","sticky":false,"template":"","format":"standard","meta":{"_links_to":"","_links_to_target":""},"categories":[3280,3247],"tags":[4696,153,4448],"_links":{"self":[{"href":"https:\/\/www.locoxelrojo.com\/independiente\/wp-json\/wp\/v2\/posts\/90652"}],"collection":[{"href":"https:\/\/www.locoxelrojo.com\/independiente\/wp-json\/wp\/v2\/posts"}],"about":[{"href":"https:\/\/www.locoxelrojo.com\/independiente\/wp-json\/wp\/v2\/types\/post"}],"author":[{"embeddable":true,"href":"https:\/\/www.locoxelrojo.com\/independiente\/wp-json\/wp\/v2\/users\/8"}],"replies":[{"embeddable":true,"href":"https:\/\/www.locoxelrojo.com\/independiente\/wp-json\/wp\/v2\/comments?post=90652"}],"version-history":[{"count":6,"href":"https:\/\/www.locoxelrojo.com\/independiente\/wp-json\/wp\/v2\/posts\/90652\/revisions"}],"predecessor-version":[{"id":90659,"href":"https:\/\/www.locoxelrojo.com\/independiente\/wp-json\/wp\/v2\/posts\/90652\/revisions\/90659"}],"wp:featuredmedia":[{"embeddable":true,"href":"https:\/\/www.locoxelrojo.com\/independiente\/wp-json\/wp\/v2\/media\/90654"}],"wp:attachment":[{"href":"https:\/\/www.locoxelrojo.com\/independiente\/wp-json\/wp\/v2\/media?parent=90652"}],"wp:term":[{"taxonomy":"category","embeddable":true,"href":"https:\/\/www.locoxelrojo.com\/independiente\/wp-json\/wp\/v2\/categories?post=90652"},{"taxonomy":"post_tag","embeddable":true,"href":"https:\/\/www.locoxelrojo.com\/independiente\/wp-json\/wp\/v2\/tags?post=90652"}],"curies":[{"name":"wp","href":"https:\/\/api.w.org\/{rel}","templated":true}]}}