{"id":90858,"date":"2020-11-02T10:00:35","date_gmt":"2020-11-02T13:00:35","guid":{"rendered":"http:\/\/www.locoxelrojo.com\/independiente\/?p=90858"},"modified":"2020-11-02T15:44:18","modified_gmt":"2020-11-02T18:44:18","slug":"asi-quedo-la-zona-del-rojo","status":"publish","type":"post","link":"https:\/\/www.locoxelrojo.com\/independiente\/2020\/11\/02\/asi-quedo-la-zona-del-rojo\/","title":{"rendered":"As\u00ed qued\u00f3 la zona del Rojo"},"content":{"rendered":"<p><a href=\"https:\/\/www.locoxelrojo.com\/independiente\/2020\/11\/01\/gano-con-lo-justo-en-el-debut\/\">Con el triunfo de Independiente de anoche en Santiago del Estero<\/a>, el equipo de Lucas Pusineri <strong>qued\u00f3 primero en su grupo pero debajo de Col\u00f3n por diferencia de gol<\/strong>.<\/p>\n<p>Con un equipo alternativo &#8211;<a href=\"https:\/\/www.locoxelrojo.com\/independiente\/2020\/11\/01\/debut-para-dos\/\">incluyendo dos debuts en Primera<\/a>&#8211; y solo dos de los habituales titulares, <strong>el Rey de Copas se trajo una victoria valios\u00edsima por la m\u00ednima<\/strong>. Para eso fue clave el oportunismo para convertir y <a href=\"https:\/\/www.locoxelrojo.com\/independiente\/2020\/11\/01\/las-atajadas-de-sosa\/\">la destacada actuaci\u00f3n de Sebasti\u00e1n Sosa<\/a>.<\/p>\n<p><iframe loading=\"lazy\" src=\"https:\/\/www.youtube.com\/embed\/nhuRArrRECA\" width=\"560\" height=\"315\" frameborder=\"0\" allowfullscreen=\"allowfullscreen\"><\/iframe><\/p>\n<p><strong>En tanto que el elenco santafesino dio la sorpresa de la zona al golear como visitante a Defensa y Justicia 3-0<\/strong>. Los goles de Federico L\u00e9rtora, Luis Miguel Rodr\u00edguez y Cristian Bernardi catapultaron a lo m\u00e1s alto de todo a los dirigidos por Eduardo Dom\u00ednguez.<\/p>\n<p><iframe loading=\"lazy\" src=\"https:\/\/www.youtube.com\/embed\/l78FbUO4MQw\" width=\"560\" height=\"315\" frameborder=\"0\" allowfullscreen=\"allowfullscreen\"><\/iframe><\/p>\n<p><strong>La pr\u00f3xima fecha se cruzar\u00e1n los punteros de la Zona 2 en el Libertadores de Am\u00e9rica<\/strong>. <a href=\"https:\/\/www.locoxelrojo.com\/independiente\/2020\/10\/31\/dia-y-hora-confirmado-contra-colon\/\">Independiente y Col\u00f3n jugar\u00e1n el lunes 9 de noviembre desde las 17<\/a>, mientras que los equipos que cayeron en la primera jornada jugar\u00e1n el mismo d\u00eda pero a las 21:30 en Santiago del Estero.<\/p>\n<p>&nbsp;<\/p>\n","protected":false},"excerpt":{"rendered":"<p>Con el triunfo de Independiente de anoche en Santiago del Estero, el equipo de Lucas Pusineri qued\u00f3 primero en su grupo pero debajo de Col\u00f3n por diferencia de gol. Con un equipo alternativo &#8211;incluyendo dos debuts en Primera&#8211; y solo dos de los habituales titulares, el Rey de Copas se trajo una victoria valios\u00edsima por [&hellip;]<\/p>\n","protected":false},"author":19,"featured_media":90859,"comment_status":"open","ping_status":"closed","sticky":false,"template":"","format":"standard","meta":{"_links_to":"","_links_to_target":""},"categories":[3280,3247],"tags":[4497,153,2740,4697,896],"_links":{"self":[{"href":"https:\/\/www.locoxelrojo.com\/independiente\/wp-json\/wp\/v2\/posts\/90858"}],"collection":[{"href":"https:\/\/www.locoxelrojo.com\/independiente\/wp-json\/wp\/v2\/posts"}],"about":[{"href":"https:\/\/www.locoxelrojo.com\/independiente\/wp-json\/wp\/v2\/types\/post"}],"author":[{"embeddable":true,"href":"https:\/\/www.locoxelrojo.com\/independiente\/wp-json\/wp\/v2\/users\/19"}],"replies":[{"embeddable":true,"href":"https:\/\/www.locoxelrojo.com\/independiente\/wp-json\/wp\/v2\/comments?post=90858"}],"version-history":[{"count":1,"href":"https:\/\/www.locoxelrojo.com\/independiente\/wp-json\/wp\/v2\/posts\/90858\/revisions"}],"predecessor-version":[{"id":90860,"href":"https:\/\/www.locoxelrojo.com\/independiente\/wp-json\/wp\/v2\/posts\/90858\/revisions\/90860"}],"wp:featuredmedia":[{"embeddable":true,"href":"https:\/\/www.locoxelrojo.com\/independiente\/wp-json\/wp\/v2\/media\/90859"}],"wp:attachment":[{"href":"https:\/\/www.locoxelrojo.com\/independiente\/wp-json\/wp\/v2\/media?parent=90858"}],"wp:term":[{"taxonomy":"category","embeddable":true,"href":"https:\/\/www.locoxelrojo.com\/independiente\/wp-json\/wp\/v2\/categories?post=90858"},{"taxonomy":"post_tag","embeddable":true,"href":"https:\/\/www.locoxelrojo.com\/independiente\/wp-json\/wp\/v2\/tags?post=90858"}],"curies":[{"name":"wp","href":"https:\/\/api.w.org\/{rel}","templated":true}]}}