{"id":90917,"date":"2020-11-04T11:40:13","date_gmt":"2020-11-04T14:40:13","guid":{"rendered":"http:\/\/www.locoxelrojo.com\/independiente\/?p=90917"},"modified":"2020-11-04T14:49:38","modified_gmt":"2020-11-04T17:49:38","slug":"se-mete-el-parcero","status":"publish","type":"post","link":"https:\/\/www.locoxelrojo.com\/independiente\/2020\/11\/04\/se-mete-el-parcero\/","title":{"rendered":"Se mete el Parcero"},"content":{"rendered":"<p>El plantel de Independiente se entren\u00f3 por \u00faltima vez de cara al encuentro frente Atl\u00e9tico Tucum\u00e1n, por Copa Sudamericana. <strong>Andr\u00e9s Roa se mete dentro del equipo y le gan\u00f3 la pulseada a Federico Mart\u00ednez. <\/strong><\/p>\n<p><strong>Los jugadores del Rojo realizaron trabajos t\u00e1cticos y pelota parada.<\/strong> En la pr\u00e1ctica de este mi\u00e9rcoles Lucas Pusineri par\u00f3 <a href=\"https:\/\/www.locoxelrojo.com\/independiente\/2020\/10\/29\/victoria-ajustada-y-con-sabor-a-poco\/\">casi el mismo equipo titular que venci\u00f3 en la ida 1-0 a los tucumanos<\/a>. Hubo un solo cambio: <strong>el colombiano Roa por el uruguayo Mart\u00ednez.<\/strong><\/p>\n<p><strong>Sebasti\u00e1n Sosa; Fabricio Bustos, Alan Franco, Alexander Barboza, Lucas Rodr\u00edguez; Lucas Romero, Pablo Hern\u00e1ndez; Alan Velasco, Andr\u00e9s Roa; Jonathan Men\u00e9ndez y Silvio Romero<\/strong>, ser\u00e1n los que jugaran la vuelta en Tucum\u00e1n.<\/p>\n<p><a href=\"https:\/\/www.locoxelrojo.com\/independiente\/2020\/11\/04\/concentrados-vs-atletico-tucuman-solo-un-cambio\/\">Los 23 futbolistas concentrados<\/a> viajar\u00e1n a las 19 rumbo a Tucum\u00e1n en un vuelo ch\u00e1rter desde Ezeiza.<\/p>\n","protected":false},"excerpt":{"rendered":"<p>El plantel de Independiente se entren\u00f3 por \u00faltima vez de cara al encuentro frente Atl\u00e9tico Tucum\u00e1n, por Copa Sudamericana. Andr\u00e9s Roa se mete dentro del equipo y le gan\u00f3 la pulseada a Federico Mart\u00ednez. Los jugadores del Rojo realizaron trabajos t\u00e1cticos y pelota parada. En la pr\u00e1ctica de este mi\u00e9rcoles Lucas Pusineri par\u00f3 casi el [&hellip;]<\/p>\n","protected":false},"author":101024,"featured_media":90918,"comment_status":"open","ping_status":"closed","sticky":false,"template":"","format":"standard","meta":{"_links_to":"","_links_to_target":""},"categories":[3247,3],"tags":[4267,153,26,4650,145],"_links":{"self":[{"href":"https:\/\/www.locoxelrojo.com\/independiente\/wp-json\/wp\/v2\/posts\/90917"}],"collection":[{"href":"https:\/\/www.locoxelrojo.com\/independiente\/wp-json\/wp\/v2\/posts"}],"about":[{"href":"https:\/\/www.locoxelrojo.com\/independiente\/wp-json\/wp\/v2\/types\/post"}],"author":[{"embeddable":true,"href":"https:\/\/www.locoxelrojo.com\/independiente\/wp-json\/wp\/v2\/users\/101024"}],"replies":[{"embeddable":true,"href":"https:\/\/www.locoxelrojo.com\/independiente\/wp-json\/wp\/v2\/comments?post=90917"}],"version-history":[{"count":1,"href":"https:\/\/www.locoxelrojo.com\/independiente\/wp-json\/wp\/v2\/posts\/90917\/revisions"}],"predecessor-version":[{"id":90919,"href":"https:\/\/www.locoxelrojo.com\/independiente\/wp-json\/wp\/v2\/posts\/90917\/revisions\/90919"}],"wp:featuredmedia":[{"embeddable":true,"href":"https:\/\/www.locoxelrojo.com\/independiente\/wp-json\/wp\/v2\/media\/90918"}],"wp:attachment":[{"href":"https:\/\/www.locoxelrojo.com\/independiente\/wp-json\/wp\/v2\/media?parent=90917"}],"wp:term":[{"taxonomy":"category","embeddable":true,"href":"https:\/\/www.locoxelrojo.com\/independiente\/wp-json\/wp\/v2\/categories?post=90917"},{"taxonomy":"post_tag","embeddable":true,"href":"https:\/\/www.locoxelrojo.com\/independiente\/wp-json\/wp\/v2\/tags?post=90917"}],"curies":[{"name":"wp","href":"https:\/\/api.w.org\/{rel}","templated":true}]}}