{"id":90938,"date":"2020-11-05T21:45:29","date_gmt":"2020-11-06T00:45:29","guid":{"rendered":"http:\/\/www.locoxelrojo.com\/independiente\/?p=90938"},"modified":"2020-11-06T01:20:31","modified_gmt":"2020-11-06T04:20:31","slug":"lesion-para-menendez","status":"publish","type":"post","link":"https:\/\/www.locoxelrojo.com\/independiente\/2020\/11\/05\/lesion-para-menendez\/","title":{"rendered":"Lesi\u00f3n para Men\u00e9ndez"},"content":{"rendered":"<p><a href=\"https:\/\/www.locoxelrojo.com\/independiente\/2020\/11\/05\/paso-el-rey\/\">En el empate entre Independiente y Atl\u00e9tico Tucum\u00e1n<\/a>, <strong>Jonathan Men\u00e9ndez tuvo que abandonar el partido a los 26 minutos del primer tiempo por una lesi\u00f3n en el hombro derecho luego de una falta de Monz\u00f3n.<\/strong><\/p>\n<p><strong>El delantero del Rojo ven\u00eda siendo uno de los puntos altos del equipo, pero una jugada en la banda derecha termin\u00f3 con su participaci\u00f3n en el partido.<\/strong> El ex Talleres desbord\u00f3 y el lateral izquierdo del Decano le cometi\u00f3 falta, con la mala fortuna de que cay\u00f3 mal y se lastim\u00f3 el hombro derecho.<\/p>\n<p><iframe loading=\"lazy\" src=\"http:\/\/www.espn.com.ar\/core\/video\/iframe?id=7702366&amp;endcard=false\" width=\"640\" height=\"360\" frameborder=\"0\" allowfullscreen=\"allowfullscreen\"><\/iframe><\/p>\n<p>Men\u00e9ndez hab\u00eda participado del gol cuando tir\u00f3 el centro que baj\u00f3 Velasco y finalmente defini\u00f3 Silvio Romero. <strong>El equipo m\u00e9dico entreg\u00f3 el parte m\u00e9dico y fue una luxaci\u00f3n del hombro. En las pr\u00f3ximas horas le har\u00e1n m\u00e1s estudios.<\/strong><\/p>\n","protected":false},"excerpt":{"rendered":"<p>En el empate entre Independiente y Atl\u00e9tico Tucum\u00e1n, Jonathan Men\u00e9ndez tuvo que abandonar el partido a los 26 minutos del primer tiempo por una lesi\u00f3n en el hombro derecho luego de una falta de Monz\u00f3n. El delantero del Rojo ven\u00eda siendo uno de los puntos altos del equipo, pero una jugada en la banda derecha [&hellip;]<\/p>\n","protected":false},"author":14,"featured_media":90949,"comment_status":"open","ping_status":"closed","sticky":false,"template":"","format":"standard","meta":{"_links_to":"","_links_to_target":""},"categories":[7,3247],"tags":[297,153,4137,3751],"_links":{"self":[{"href":"https:\/\/www.locoxelrojo.com\/independiente\/wp-json\/wp\/v2\/posts\/90938"}],"collection":[{"href":"https:\/\/www.locoxelrojo.com\/independiente\/wp-json\/wp\/v2\/posts"}],"about":[{"href":"https:\/\/www.locoxelrojo.com\/independiente\/wp-json\/wp\/v2\/types\/post"}],"author":[{"embeddable":true,"href":"https:\/\/www.locoxelrojo.com\/independiente\/wp-json\/wp\/v2\/users\/14"}],"replies":[{"embeddable":true,"href":"https:\/\/www.locoxelrojo.com\/independiente\/wp-json\/wp\/v2\/comments?post=90938"}],"version-history":[{"count":4,"href":"https:\/\/www.locoxelrojo.com\/independiente\/wp-json\/wp\/v2\/posts\/90938\/revisions"}],"predecessor-version":[{"id":90978,"href":"https:\/\/www.locoxelrojo.com\/independiente\/wp-json\/wp\/v2\/posts\/90938\/revisions\/90978"}],"wp:featuredmedia":[{"embeddable":true,"href":"https:\/\/www.locoxelrojo.com\/independiente\/wp-json\/wp\/v2\/media\/90949"}],"wp:attachment":[{"href":"https:\/\/www.locoxelrojo.com\/independiente\/wp-json\/wp\/v2\/media?parent=90938"}],"wp:term":[{"taxonomy":"category","embeddable":true,"href":"https:\/\/www.locoxelrojo.com\/independiente\/wp-json\/wp\/v2\/categories?post=90938"},{"taxonomy":"post_tag","embeddable":true,"href":"https:\/\/www.locoxelrojo.com\/independiente\/wp-json\/wp\/v2\/tags?post=90938"}],"curies":[{"name":"wp","href":"https:\/\/api.w.org\/{rel}","templated":true}]}}