{"id":91014,"date":"2020-11-07T12:54:04","date_gmt":"2020-11-07T15:54:04","guid":{"rendered":"http:\/\/www.locoxelrojo.com\/independiente\/?p=91014"},"modified":"2020-11-07T15:13:17","modified_gmt":"2020-11-07T18:13:17","slug":"con-saltita-a-la-par","status":"publish","type":"post","link":"https:\/\/www.locoxelrojo.com\/independiente\/2020\/11\/07\/con-saltita-a-la-par\/","title":{"rendered":"Con Saltita a la par"},"content":{"rendered":"<p>De cara a la segunda fecha de la Copa de la Liga Profesional. El plantel de <strong>Independiente<\/strong> se entren\u00f3 en Villa Dom\u00ednico con <strong>Lucas Gonz\u00e1lez<\/strong> ya recuperado de su lesi\u00f3n en el tobillo.<\/p>\n<p><strong>Los futbolistas que jugaron ante Atl\u00e9tico Tucum\u00e1n completaron los ejercicios f\u00edsicos regenerativos<\/strong>: trabajos de zona media, bloques aer\u00f3bicos y movimientos livianos con pelota. El resto del grupo realiz\u00f3 trabajos t\u00e9cnico-t\u00e1cticos en espacios reducidos.<\/p>\n<p><strong>La buena noticia fue que Saltita se entren\u00f3 a la par de sus compa\u00f1eros<\/strong>. <a href=\"https:\/\/www.locoxelrojo.com\/independiente\/2020\/11\/01\/esguince-para-saltita\/\">El futbolista debi\u00f3 salir en el partido ante Central C\u00f3rdoba por una molestia en su tobillo derecho<\/a>. Todo indicaba que pasar\u00eda un tiempo fuera de las canchas pero <a href=\"https:\/\/www.locoxelrojo.com\/independiente\/2020\/11\/03\/saltita-puede-volver-antes-de-tiempo\/\">el parte m\u00e9dico le hab\u00eda indicado a <strong>Lucas Pusineri<\/strong> que podr\u00eda contar con \u00e9l antes de lo pensado<\/a>. Es por eso que hoy estuvo present\u00e9 en la pr\u00e1ctica junto al resto.<\/p>\n<p>Por otra parte, tres jugadores siguen trabajando de forma diferenciada. <strong>Jonathan Men\u00e9ndez <\/strong><a href=\"https:\/\/www.locoxelrojo.com\/independiente\/2020\/11\/05\/lesion-para-menendez\/\">hab\u00eda sufrido una luxaci\u00f3n glenohumeral en el encuentro frente Atl\u00e9tico Tucum\u00e1n<\/a>. Mientras que <strong>Ezequiel Mu\u00f1oz<\/strong> y <strong>Gast\u00f3n Togni<\/strong> contin\u00faan sus trabajos espec\u00edficos de recuperaci\u00f3n.<\/p>\n<p><strong>El equipo volver\u00e1 a entrenarse ma\u00f1ana por la ma\u00f1ana en el predio de Villa Dom\u00ednico<\/strong>. Tras la pr\u00e1ctica, los jugadores quedar\u00e1n concentrados en el hotel Holiday Inn de cara al partido ante Col\u00f3n.<\/p>\n","protected":false},"excerpt":{"rendered":"<p>De cara a la segunda fecha de la Copa de la Liga Profesional. El plantel de Independiente se entren\u00f3 en Villa Dom\u00ednico con Lucas Gonz\u00e1lez ya recuperado de su lesi\u00f3n en el tobillo. Los futbolistas que jugaron ante Atl\u00e9tico Tucum\u00e1n completaron los ejercicios f\u00edsicos regenerativos: trabajos de zona media, bloques aer\u00f3bicos y movimientos livianos con [&hellip;]<\/p>\n","protected":false},"author":101025,"featured_media":91015,"comment_status":"open","ping_status":"closed","sticky":false,"template":"","format":"standard","meta":{"_links_to":"","_links_to_target":""},"categories":[3247,3],"tags":[153,26,4597,3166,3751,4179,1683],"_links":{"self":[{"href":"https:\/\/www.locoxelrojo.com\/independiente\/wp-json\/wp\/v2\/posts\/91014"}],"collection":[{"href":"https:\/\/www.locoxelrojo.com\/independiente\/wp-json\/wp\/v2\/posts"}],"about":[{"href":"https:\/\/www.locoxelrojo.com\/independiente\/wp-json\/wp\/v2\/types\/post"}],"author":[{"embeddable":true,"href":"https:\/\/www.locoxelrojo.com\/independiente\/wp-json\/wp\/v2\/users\/101025"}],"replies":[{"embeddable":true,"href":"https:\/\/www.locoxelrojo.com\/independiente\/wp-json\/wp\/v2\/comments?post=91014"}],"version-history":[{"count":1,"href":"https:\/\/www.locoxelrojo.com\/independiente\/wp-json\/wp\/v2\/posts\/91014\/revisions"}],"predecessor-version":[{"id":91016,"href":"https:\/\/www.locoxelrojo.com\/independiente\/wp-json\/wp\/v2\/posts\/91014\/revisions\/91016"}],"wp:featuredmedia":[{"embeddable":true,"href":"https:\/\/www.locoxelrojo.com\/independiente\/wp-json\/wp\/v2\/media\/91015"}],"wp:attachment":[{"href":"https:\/\/www.locoxelrojo.com\/independiente\/wp-json\/wp\/v2\/media?parent=91014"}],"wp:term":[{"taxonomy":"category","embeddable":true,"href":"https:\/\/www.locoxelrojo.com\/independiente\/wp-json\/wp\/v2\/categories?post=91014"},{"taxonomy":"post_tag","embeddable":true,"href":"https:\/\/www.locoxelrojo.com\/independiente\/wp-json\/wp\/v2\/tags?post=91014"}],"curies":[{"name":"wp","href":"https:\/\/api.w.org\/{rel}","templated":true}]}}