{"id":91043,"date":"2020-11-08T09:28:14","date_gmt":"2020-11-08T12:28:14","guid":{"rendered":"http:\/\/www.locoxelrojo.com\/independiente\/?p=91043"},"modified":"2020-11-08T12:47:29","modified_gmt":"2020-11-08T15:47:29","slug":"el-palo-de-pizzini-contra-independiente","status":"publish","type":"post","link":"https:\/\/www.locoxelrojo.com\/independiente\/2020\/11\/08\/el-palo-de-pizzini-contra-independiente\/","title":{"rendered":"El palo de Pizzini contra Independiente"},"content":{"rendered":"<p><strong>Francisco Pizzini<\/strong>, quien desde principio de a\u00f1o milita en Defensa y Justicia, se refiri\u00f3 a su paso por el club y fue cr\u00edtico con las situaciones que tuvo que atravesar.<\/p>\n<p><strong>&#8220;Yo ve\u00eda muy clara mi salida de Independiente. Quer\u00eda renovar mis esperanzas y mis metas. Necesitaba un poco de aire nuevo y ac\u00e1 en Defensa y Justicia lo encontr\u00e9\u201d<\/strong>, expres\u00f3 en di\u00e1logo con Planeta Defensa.<\/p>\n<p>Cabe destacar que desde su debut en Primera con el Rojo, el delantero de 27 a\u00f1os solo hab\u00eda cambiado de aire cuando pas\u00f3 a pr\u00e9stamo Olimpo, entre 2016 y 2017.<\/p>\n<p>Lo cierto es que esta etapa en el Halc\u00f3n le permiti\u00f3 agarrar m\u00e1s rodaje y confianza, algo que en el Rey de Copas reconoci\u00f3 que no tuvo. <strong>&#8220;En Defensa uno llega y le hacen las cosas f\u00e1ciles. Uno se siente apoyado e importante y eso en otros clubes no pasa\u201d<\/strong>, dispar\u00f3 Pancho, quien disput\u00f3 12 partidos en el equipo de Varela y anot\u00f3 un gol.<\/p>\n<p><iframe loading=\"lazy\" src=\"https:\/\/www.youtube.com\/embed\/wjPzPYedGg4\" width=\"560\" height=\"315\" frameborder=\"0\" allowfullscreen=\"allowfullscreen\"><\/iframe><\/p>\n<p>Por \u00faltimo destac\u00f3 la importancia de una buena gesti\u00f3n:\u00a0<strong>&#8220;A veces, en algunos lados, no ten\u00e9s el apoyo de la dirigencia ni del cuerpo t\u00e9cnico. Ac\u00e1 es todo lo contrario. Tenemos un plantel exquisito e interesante. Defensa ya merece una copa y vamos por eso&#8221;<\/strong>.<\/p>\n","protected":false},"excerpt":{"rendered":"<p>Francisco Pizzini, quien desde principio de a\u00f1o milita en Defensa y Justicia, se refiri\u00f3 a su paso por el club y fue cr\u00edtico con las situaciones que tuvo que atravesar. &#8220;Yo ve\u00eda muy clara mi salida de Independiente. Quer\u00eda renovar mis esperanzas y mis metas. Necesitaba un poco de aire nuevo y ac\u00e1 en Defensa [&hellip;]<\/p>\n","protected":false},"author":19,"featured_media":78025,"comment_status":"open","ping_status":"closed","sticky":false,"template":"","format":"standard","meta":{"_links_to":"","_links_to_target":""},"categories":[3297,3247],"tags":[153,896,834,2688,3298],"_links":{"self":[{"href":"https:\/\/www.locoxelrojo.com\/independiente\/wp-json\/wp\/v2\/posts\/91043"}],"collection":[{"href":"https:\/\/www.locoxelrojo.com\/independiente\/wp-json\/wp\/v2\/posts"}],"about":[{"href":"https:\/\/www.locoxelrojo.com\/independiente\/wp-json\/wp\/v2\/types\/post"}],"author":[{"embeddable":true,"href":"https:\/\/www.locoxelrojo.com\/independiente\/wp-json\/wp\/v2\/users\/19"}],"replies":[{"embeddable":true,"href":"https:\/\/www.locoxelrojo.com\/independiente\/wp-json\/wp\/v2\/comments?post=91043"}],"version-history":[{"count":1,"href":"https:\/\/www.locoxelrojo.com\/independiente\/wp-json\/wp\/v2\/posts\/91043\/revisions"}],"predecessor-version":[{"id":91044,"href":"https:\/\/www.locoxelrojo.com\/independiente\/wp-json\/wp\/v2\/posts\/91043\/revisions\/91044"}],"wp:featuredmedia":[{"embeddable":true,"href":"https:\/\/www.locoxelrojo.com\/independiente\/wp-json\/wp\/v2\/media\/78025"}],"wp:attachment":[{"href":"https:\/\/www.locoxelrojo.com\/independiente\/wp-json\/wp\/v2\/media?parent=91043"}],"wp:term":[{"taxonomy":"category","embeddable":true,"href":"https:\/\/www.locoxelrojo.com\/independiente\/wp-json\/wp\/v2\/categories?post=91043"},{"taxonomy":"post_tag","embeddable":true,"href":"https:\/\/www.locoxelrojo.com\/independiente\/wp-json\/wp\/v2\/tags?post=91043"}],"curies":[{"name":"wp","href":"https:\/\/api.w.org\/{rel}","templated":true}]}}