{"id":91214,"date":"2020-11-15T20:20:17","date_gmt":"2020-11-15T23:20:17","guid":{"rendered":"http:\/\/www.locoxelrojo.com\/independiente\/?p=91214"},"modified":"2020-11-15T22:35:55","modified_gmt":"2020-11-16T01:35:55","slug":"parte-medico-de-lucas-gonzalez","status":"publish","type":"post","link":"https:\/\/www.locoxelrojo.com\/independiente\/2020\/11\/15\/parte-medico-de-lucas-gonzalez\/","title":{"rendered":"Parte m\u00e9dico de Lucas Gonz\u00e1lez"},"content":{"rendered":"<p><strong>Lucas Gonz\u00e1lez<\/strong> no pudo completar el partido ante Defensa y Justicia en Florencio Varela. Sufri\u00f3 una lesi\u00f3n que lo dejar\u00eda afuera de las canchas por un tiempo.<\/p>\n<p>El volante, reci\u00e9n recuperado de un esguince de tobillo, vuelve a la enfermer\u00eda por una nueva dolencia. Este domingo <strong>se retir\u00f3 lesionado a los 19 minutos del segundo tiempo<\/strong> ante el Halc\u00f3n y fue reemplazado por Federico Mart\u00ednez.<\/p>\n<p>Al t\u00e9rmino del encuentro, el entrenador confirm\u00f3 de qu\u00e9 se trataba la lesi\u00f3n que lo oblig\u00f3 a salir de la cancha y que, si bien restan estudios m\u00e1s precisos, admiti\u00f3 que dif\u00edcilmente cuente con \u00e9l para el pr\u00f3ximo partido.<\/p>\n<p><strong><span class=\"css-901oao css-16my406 r-1qd0xha r-ad9z0x r-bcqeeo r-qvutc0\">&#8220;S<\/span><\/strong><span class=\"css-901oao css-16my406 r-1qd0xha r-ad9z0x r-bcqeeo r-qvutc0\"><strong>inti\u00f3 una dolencia en el isquiotibial y habr\u00e1 que visualizar la ecograf\u00eda, pero seguro no lo tengamos para lo que viene. Es muy valioso y es una l\u00e1stima perderlo, por lo que entrega al equipo. Buscaremos una pronta recuperaci\u00f3n&#8221;<\/strong>, expres\u00f3 Lucas Pusineri en conferencia de prensa.<\/span><\/p>\n","protected":false},"excerpt":{"rendered":"<p>Lucas Gonz\u00e1lez no pudo completar el partido ante Defensa y Justicia en Florencio Varela. Sufri\u00f3 una lesi\u00f3n que lo dejar\u00eda afuera de las canchas por un tiempo. El volante, reci\u00e9n recuperado de un esguince de tobillo, vuelve a la enfermer\u00eda por una nueva dolencia. Este domingo se retir\u00f3 lesionado a los 19 minutos del segundo [&hellip;]<\/p>\n","protected":false},"author":8,"featured_media":91202,"comment_status":"open","ping_status":"closed","sticky":false,"template":"","format":"standard","meta":{"_links_to":"","_links_to_target":""},"categories":[3247,3],"tags":[153,4697,896,4179],"_links":{"self":[{"href":"https:\/\/www.locoxelrojo.com\/independiente\/wp-json\/wp\/v2\/posts\/91214"}],"collection":[{"href":"https:\/\/www.locoxelrojo.com\/independiente\/wp-json\/wp\/v2\/posts"}],"about":[{"href":"https:\/\/www.locoxelrojo.com\/independiente\/wp-json\/wp\/v2\/types\/post"}],"author":[{"embeddable":true,"href":"https:\/\/www.locoxelrojo.com\/independiente\/wp-json\/wp\/v2\/users\/8"}],"replies":[{"embeddable":true,"href":"https:\/\/www.locoxelrojo.com\/independiente\/wp-json\/wp\/v2\/comments?post=91214"}],"version-history":[{"count":2,"href":"https:\/\/www.locoxelrojo.com\/independiente\/wp-json\/wp\/v2\/posts\/91214\/revisions"}],"predecessor-version":[{"id":91216,"href":"https:\/\/www.locoxelrojo.com\/independiente\/wp-json\/wp\/v2\/posts\/91214\/revisions\/91216"}],"wp:featuredmedia":[{"embeddable":true,"href":"https:\/\/www.locoxelrojo.com\/independiente\/wp-json\/wp\/v2\/media\/91202"}],"wp:attachment":[{"href":"https:\/\/www.locoxelrojo.com\/independiente\/wp-json\/wp\/v2\/media?parent=91214"}],"wp:term":[{"taxonomy":"category","embeddable":true,"href":"https:\/\/www.locoxelrojo.com\/independiente\/wp-json\/wp\/v2\/categories?post=91214"},{"taxonomy":"post_tag","embeddable":true,"href":"https:\/\/www.locoxelrojo.com\/independiente\/wp-json\/wp\/v2\/tags?post=91214"}],"curies":[{"name":"wp","href":"https:\/\/api.w.org\/{rel}","templated":true}]}}