{"id":91591,"date":"2020-11-28T20:30:00","date_gmt":"2020-11-28T23:30:00","guid":{"rendered":"http:\/\/www.locoxelrojo.com\/independiente\/?p=91591"},"modified":"2020-11-29T02:46:39","modified_gmt":"2020-11-29T05:46:39","slug":"menendez-volvio-con-un-gol-clave","status":"publish","type":"post","link":"https:\/\/www.locoxelrojo.com\/independiente\/2020\/11\/28\/menendez-volvio-con-un-gol-clave\/","title":{"rendered":"Men\u00e9ndez volvi\u00f3 con un gol clave"},"content":{"rendered":"<p><strong>Jonathan Men\u00e9ndez volvi\u00f3 a jugar despu\u00e9s de su lesi\u00f3n y se dio el gusto de convertir su segundo gol con la camiseta de Independiente.<\/strong><\/p>\n<p><a href=\"https:\/\/www.locoxelrojo.com\/independiente\/2020\/11\/05\/lesion-para-menendez\/\">Una luxaci\u00f3n de hombro en el primer partido ante Atl\u00e9tico Tucum\u00e1n<\/a> por Copa Sudamericana hab\u00eda dejado a Jony afuera de las canchas por tres semanas. Reci\u00e9n hoy reapareci\u00f3 en Santa Fe, ante Col\u00f3n, en el mismo estadio y ante el mismo equipo que hab\u00eda debutado all\u00e1 por febrero de 2018.<\/p>\n<p>A los 26&#8242; del segundo tiempo, el t\u00e9cnico mand\u00f3 al ex Talleres a la cancha en reemplazo de Alan So\u00f1ora para ganar m\u00e1s dinamismo por la banda derecha. Un cambio que dio sus frutos, porque apenas <strong>tres minutos le alcanzaron al delantero para encaminar al Rojo a la victoria<\/strong>.<\/p>\n<p><iframe loading=\"lazy\" src=\"http:\/\/www.espn.com.ar\/core\/video\/iframe?id=7815884&amp;endcard=false\" width=\"640\" height=\"360\" frameborder=\"0\" allowfullscreen=\"allowfullscreen\"><\/iframe><\/p>\n<p>En un contraataque que agarr\u00f3 mal parado al Sabalero, <strong>Men\u00e9ndez encar\u00f3 por derecha tras una asistencia de Alan Velasco, qued\u00f3 cara a cara con el arquero y marc\u00f3 el 1-0 con un remate cruzado<\/strong>. El primero de los dos goles que le permitieron a Independiente pasar de fase en el Cementerio de los Elefantes.<\/p>\n<p>Un regreso muy esperado por Lucas Pusineri, que lo considera un jugador fundamental en su esquema y que quiere darle minutos para que vuelva a ganarse un lugar. El de hoy fue su <strong>segundo grito con la camiseta del Rojo, despu\u00e9s de aquel gol ante Aldosivi<\/strong> en marzo de 2019.<\/p>\n<h2>PARTICIP\u00c1 DE NUESTRO SORTEO POR LA CAMISETA DE INDEPENDIENTE &#8220;PALADAR NEGRO&#8221;<\/h2>\n<blockquote class=\"instagram-media\" style=\"background: #FFF; border: 0; border-radius: 3px; box-shadow: 0 0 1px 0 rgba(0,0,0,0.5),0 1px 10px 0 rgba(0,0,0,0.15); margin: 1px; max-width: 540px; min-width: 326px; padding: 0; width: calc(100% - 2px);\" data-instgrm-captioned=\"\" data-instgrm-permalink=\"https:\/\/www.instagram.com\/p\/CHvqceGgiGF\/?utm_source=ig_embed&amp;utm_campaign=loading\" data-instgrm-version=\"13\">\n<div style=\"padding: 16px;\">\n<p>&nbsp;<\/p>\n<div style=\"display: flex; flex-direction: row; align-items: center;\">\n<div style=\"background-color: #f4f4f4; border-radius: 50%; flex-grow: 0; height: 40px; margin-right: 14px; width: 40px;\"><\/div>\n<div style=\"display: flex; flex-direction: column; flex-grow: 1; justify-content: center;\">\n<div style=\"background-color: #f4f4f4; border-radius: 4px; flex-grow: 0; height: 14px; margin-bottom: 6px; width: 100px;\"><\/div>\n<div style=\"background-color: #f4f4f4; border-radius: 4px; flex-grow: 0; height: 14px; width: 60px;\"><\/div>\n<\/div>\n<\/div>\n<div style=\"padding: 19% 0;\"><\/div>\n<div style=\"display: block; height: 50px; margin: 0 auto 12px; width: 50px;\"><\/div>\n<div style=\"padding-top: 8px;\">\n<div style=\"color: #3897f0; font-family: Arial,sans-serif; font-size: 14px; font-style: normal; font-weight: 550; line-height: 18px;\">Ver esta publicaci\u00f3n en Instagram<\/div>\n<\/div>\n<div style=\"padding: 12.5% 0;\"><\/div>\n<div style=\"display: flex; flex-direction: row; margin-bottom: 14px; align-items: center;\">\n<div>\n<div style=\"background-color: #f4f4f4; border-radius: 50%; height: 12.5px; width: 12.5px; transform: translateX(0px) translateY(7px);\"><\/div>\n<div style=\"background-color: #f4f4f4; height: 12.5px; transform: rotate(-45deg) translateX(3px) translateY(1px); width: 12.5px; flex-grow: 0; margin-right: 14px; margin-left: 2px;\"><\/div>\n<div style=\"background-color: #f4f4f4; border-radius: 50%; height: 12.5px; width: 12.5px; transform: translateX(9px) translateY(-18px);\"><\/div>\n<\/div>\n<div style=\"margin-left: 8px;\">\n<div style=\"background-color: #f4f4f4; border-radius: 50%; flex-grow: 0; height: 20px; width: 20px;\"><\/div>\n<div style=\"width: 0; height: 0; border-top: 2px solid transparent; border-left: 6px solid #f4f4f4; border-bottom: 2px solid transparent; transform: translateX(16px) translateY(-4px) rotate(30deg);\"><\/div>\n<\/div>\n<div style=\"margin-left: auto;\">\n<div style=\"width: 0px; border-top: 8px solid #F4F4F4; border-right: 8px solid transparent; transform: translateY(16px);\"><\/div>\n<div style=\"background-color: #f4f4f4; flex-grow: 0; height: 12px; width: 16px; transform: translateY(-4px);\"><\/div>\n<div style=\"width: 0; height: 0; border-top: 8px solid #F4F4F4; border-left: 8px solid transparent; transform: translateY(-4px) translateX(8px);\"><\/div>\n<\/div>\n<\/div>\n<div style=\"display: flex; flex-direction: column; flex-grow: 1; justify-content: center; margin-bottom: 24px;\">\n<div style=\"background-color: #f4f4f4; border-radius: 4px; flex-grow: 0; height: 14px; margin-bottom: 6px; width: 224px;\"><\/div>\n<div style=\"background-color: #f4f4f4; border-radius: 4px; flex-grow: 0; height: 14px; width: 144px;\"><\/div>\n<\/div>\n<p>&nbsp;<\/p>\n<p style=\"color: #c9c8cd; font-family: Arial,sans-serif; font-size: 14px; line-height: 17px; margin-bottom: 0; margin-top: 8px; overflow: hidden; padding: 8px 0 7px; text-align: center; text-overflow: ellipsis; white-space: nowrap;\"><a style=\"color: #c9c8cd; font-family: Arial,sans-serif; font-size: 14px; font-style: normal; font-weight: normal; line-height: 17px; text-decoration: none;\" href=\"https:\/\/www.instagram.com\/p\/CHvqceGgiGF\/?utm_source=ig_embed&amp;utm_campaign=loading\" target=\"_blank\" rel=\"noopener noreferrer\">Una publicaci\u00f3n compartida de LocoXelRojo.com (@locoxelrojoweb)<\/a><\/p>\n<\/div>\n<\/blockquote>\n<p><script async src=\"\/\/www.instagram.com\/embed.js\"><\/script><\/p>\n","protected":false},"excerpt":{"rendered":"<p>Jonathan Men\u00e9ndez volvi\u00f3 a jugar despu\u00e9s de su lesi\u00f3n y se dio el gusto de convertir su segundo gol con la camiseta de Independiente. Una luxaci\u00f3n de hombro en el primer partido ante Atl\u00e9tico Tucum\u00e1n por Copa Sudamericana hab\u00eda dejado a Jony afuera de las canchas por tres semanas. Reci\u00e9n hoy reapareci\u00f3 en Santa Fe, [&hellip;]<\/p>\n","protected":false},"author":8,"featured_media":91595,"comment_status":"open","ping_status":"closed","sticky":false,"template":"","format":"standard","meta":{"_links_to":"","_links_to_target":""},"categories":[3247,3],"tags":[153,2740,4730,3751],"_links":{"self":[{"href":"https:\/\/www.locoxelrojo.com\/independiente\/wp-json\/wp\/v2\/posts\/91591"}],"collection":[{"href":"https:\/\/www.locoxelrojo.com\/independiente\/wp-json\/wp\/v2\/posts"}],"about":[{"href":"https:\/\/www.locoxelrojo.com\/independiente\/wp-json\/wp\/v2\/types\/post"}],"author":[{"embeddable":true,"href":"https:\/\/www.locoxelrojo.com\/independiente\/wp-json\/wp\/v2\/users\/8"}],"replies":[{"embeddable":true,"href":"https:\/\/www.locoxelrojo.com\/independiente\/wp-json\/wp\/v2\/comments?post=91591"}],"version-history":[{"count":4,"href":"https:\/\/www.locoxelrojo.com\/independiente\/wp-json\/wp\/v2\/posts\/91591\/revisions"}],"predecessor-version":[{"id":91611,"href":"https:\/\/www.locoxelrojo.com\/independiente\/wp-json\/wp\/v2\/posts\/91591\/revisions\/91611"}],"wp:featuredmedia":[{"embeddable":true,"href":"https:\/\/www.locoxelrojo.com\/independiente\/wp-json\/wp\/v2\/media\/91595"}],"wp:attachment":[{"href":"https:\/\/www.locoxelrojo.com\/independiente\/wp-json\/wp\/v2\/media?parent=91591"}],"wp:term":[{"taxonomy":"category","embeddable":true,"href":"https:\/\/www.locoxelrojo.com\/independiente\/wp-json\/wp\/v2\/categories?post=91591"},{"taxonomy":"post_tag","embeddable":true,"href":"https:\/\/www.locoxelrojo.com\/independiente\/wp-json\/wp\/v2\/tags?post=91591"}],"curies":[{"name":"wp","href":"https:\/\/api.w.org\/{rel}","templated":true}]}}