{"id":91722,"date":"2020-12-02T23:45:00","date_gmt":"2020-12-03T02:45:00","guid":{"rendered":"http:\/\/www.locoxelrojo.com\/independiente\/?p=91722"},"modified":"2020-12-03T01:39:56","modified_gmt":"2020-12-03T04:39:56","slug":"pusineri-el-equipo-se-esta-consolidando-confio-ciegamente-en-mi-trabajo","status":"publish","type":"post","link":"https:\/\/www.locoxelrojo.com\/independiente\/2020\/12\/02\/pusineri-el-equipo-se-esta-consolidando-confio-ciegamente-en-mi-trabajo\/","title":{"rendered":"Pusineri: &#8220;El equipo se est\u00e1 consolidando, conf\u00edo ciegamente en mi trabajo&#8221;"},"content":{"rendered":"<p>El director t\u00e9cnico de Independiente brind\u00f3 una conferencia de prensa luego de la clasificaci\u00f3n a la siguiente instancia de la Copa Sudamericana al vencer a F\u00e9nix 1-0 y se mostr\u00f3 contento por el rendimiento del equipo y auspicioso para lo que viene.<\/p>\n<p><strong>&#8220;En estos 180 minutos con F\u00e9nix, el equipo mostr\u00f3 una linda superioridad reflejada en el resultado. Eso enorgullece&#8221;<\/strong>, comenz\u00f3 diciendo Lucas Pusineri y agreg\u00f3: <strong>&#8220;A medida que vamos avanzando, la dificultad aumenta. Pero tenemos la confianza de poder seguir pasando de fase&#8221;<\/strong>.<\/p>\n<p>Ya pensando en lo que ser\u00e1 el cruce con Lan\u00fas por los Cuartos de Final, el DT dijo: <strong>&#8220;Se viene un choque intenso que intentaremos afrontar de la mejor manera. Hay que ponerse a pensar que es una copa internacional y lo que representan dos equipos argentinos&#8221;<\/strong>.<\/p>\n<p>Luego, con respecto al rendimiento y principalmente la solidez de su equipo, Pusi asegur\u00f3: <strong>&#8220;La consolidaci\u00f3n del equipo es algo lindo que el grupo est\u00e1 mostrando. La confianza va aumentando partido tras partido y eso lo vivimos con alegr\u00eda, como tambi\u00e9n con la tranquilidad de ser humildes y seguir mostrando trabajo&#8221;<\/strong>.<\/p>\n<p>Puntualizando en el buen momento de Lucas Gonz\u00e1lez, aprovechando sus oportunidades, manifest\u00f3: <strong>&#8220;Nos aporta despliegue. Es un volante con mucha din\u00e1mica. Tiene las caracter\u00edsticas de un volante interno y puede jugar un poco m\u00e1s adelante. Uno trata de dar minutos para que se puedan desarrollarse donde se sientan c\u00f3modos&#8221;<\/strong>.<\/p>\n<p>Acerca de la molestia que tuvo Silvio Romero, el t\u00e9cnico cont\u00f3:<strong> &#8220;La molestia de Romero se evaluar\u00e1 ma\u00f1ana. Est\u00e1n haciendo un esfuerzo importante todos. Ah\u00ed est\u00e1 la posibilidad de tanto desgaste, son 9 partidos en 30 d\u00edas. Los futbolistas est\u00e1n haciendo un gran esfuerzo&#8221;<\/strong>.<\/p>\n<p><strong>&#8220;Es una alegr\u00eda estar en esta instituci\u00f3n. Es por lo que luch\u00e9. Conf\u00edo ciegamente en mi trabajo. Ya llegar\u00e1 el momento de charlar con los directivos y ver para lo que estamos. Hoy estoy pensando en objetivos cortos&#8221;<\/strong>, concluy\u00f3 Pusineri sobre su futuro y los pr\u00f3ximos compromisos de Independiente.<\/p>\n<h2>PARTICIP\u00c1 DE NUESTRO SORTEO POR LA CAMISETA DE INDEPENDIENTE &#8220;PALADAR NEGRO&#8221;<\/h2>\n<blockquote class=\"instagram-media\" style=\"background: #FFF; border: 0; border-radius: 3px; box-shadow: 0 0 1px 0 rgba(0,0,0,0.5),0 1px 10px 0 rgba(0,0,0,0.15); margin: 1px; max-width: 540px; min-width: 326px; padding: 0; width: calc(100% - 2px);\" data-instgrm-captioned=\"\" data-instgrm-permalink=\"https:\/\/www.instagram.com\/p\/CHvqceGgiGF\/?utm_source=ig_embed&amp;utm_campaign=loading\" data-instgrm-version=\"13\">\n<div style=\"padding: 16px;\">\n<p>&nbsp;<\/p>\n<div style=\"display: flex; flex-direction: row; align-items: center;\">\n<div style=\"background-color: #f4f4f4; border-radius: 50%; flex-grow: 0; height: 40px; margin-right: 14px; width: 40px;\"><\/div>\n<div style=\"display: flex; flex-direction: column; flex-grow: 1; justify-content: center;\">\n<div style=\"background-color: #f4f4f4; border-radius: 4px; flex-grow: 0; height: 14px; margin-bottom: 6px; width: 100px;\"><\/div>\n<div style=\"background-color: #f4f4f4; border-radius: 4px; flex-grow: 0; height: 14px; width: 60px;\"><\/div>\n<\/div>\n<\/div>\n<div style=\"padding: 19% 0;\"><\/div>\n<div style=\"display: block; height: 50px; margin: 0 auto 12px; width: 50px;\"><\/div>\n<div style=\"padding-top: 8px;\">\n<div style=\"color: #3897f0; font-family: Arial,sans-serif; font-size: 14px; font-style: normal; font-weight: 550; line-height: 18px;\">Ver esta publicaci\u00f3n en Instagram<\/div>\n<\/div>\n<div style=\"padding: 12.5% 0;\"><\/div>\n<div style=\"display: flex; flex-direction: row; margin-bottom: 14px; align-items: center;\">\n<div>\n<div style=\"background-color: #f4f4f4; border-radius: 50%; height: 12.5px; width: 12.5px; transform: translateX(0px) translateY(7px);\"><\/div>\n<div style=\"background-color: #f4f4f4; height: 12.5px; transform: rotate(-45deg) translateX(3px) translateY(1px); width: 12.5px; flex-grow: 0; margin-right: 14px; margin-left: 2px;\"><\/div>\n<div style=\"background-color: #f4f4f4; border-radius: 50%; height: 12.5px; width: 12.5px; transform: translateX(9px) translateY(-18px);\"><\/div>\n<\/div>\n<div style=\"margin-left: 8px;\">\n<div style=\"background-color: #f4f4f4; border-radius: 50%; flex-grow: 0; height: 20px; width: 20px;\"><\/div>\n<div style=\"width: 0; height: 0; border-top: 2px solid transparent; border-left: 6px solid #f4f4f4; border-bottom: 2px solid transparent; transform: translateX(16px) translateY(-4px) rotate(30deg);\"><\/div>\n<\/div>\n<div style=\"margin-left: auto;\">\n<div style=\"width: 0px; border-top: 8px solid #F4F4F4; border-right: 8px solid transparent; transform: translateY(16px);\"><\/div>\n<div style=\"background-color: #f4f4f4; flex-grow: 0; height: 12px; width: 16px; transform: translateY(-4px);\"><\/div>\n<div style=\"width: 0; height: 0; border-top: 8px solid #F4F4F4; border-left: 8px solid transparent; transform: translateY(-4px) translateX(8px);\"><\/div>\n<\/div>\n<\/div>\n<div style=\"display: flex; flex-direction: column; flex-grow: 1; justify-content: center; margin-bottom: 24px;\">\n<div style=\"background-color: #f4f4f4; border-radius: 4px; flex-grow: 0; height: 14px; margin-bottom: 6px; width: 224px;\"><\/div>\n<div style=\"background-color: #f4f4f4; border-radius: 4px; flex-grow: 0; height: 14px; width: 144px;\"><\/div>\n<\/div>\n<p>&nbsp;<\/p>\n<p style=\"color: #c9c8cd; font-family: Arial,sans-serif; font-size: 14px; line-height: 17px; margin-bottom: 0; margin-top: 8px; overflow: hidden; padding: 8px 0 7px; text-align: center; text-overflow: ellipsis; white-space: nowrap;\"><a style=\"color: #c9c8cd; font-family: Arial,sans-serif; font-size: 14px; font-style: normal; font-weight: normal; line-height: 17px; text-decoration: none;\" href=\"https:\/\/www.instagram.com\/p\/CHvqceGgiGF\/?utm_source=ig_embed&amp;utm_campaign=loading\" target=\"_blank\" rel=\"noopener noreferrer\">Una publicaci\u00f3n compartida de LocoXelRojo.com (@locoxelrojoweb)<\/a><\/p>\n<\/div>\n<\/blockquote>\n<p><script async src=\"\/\/www.instagram.com\/embed.js\"><\/script><\/p>\n","protected":false},"excerpt":{"rendered":"<p>El director t\u00e9cnico de Independiente brind\u00f3 una conferencia de prensa luego de la clasificaci\u00f3n a la siguiente instancia de la Copa Sudamericana al vencer a F\u00e9nix 1-0 y se mostr\u00f3 contento por el rendimiento del equipo y auspicioso para lo que viene. &#8220;En estos 180 minutos con F\u00e9nix, el equipo mostr\u00f3 una linda superioridad reflejada [&hellip;]<\/p>\n","protected":false},"author":101017,"featured_media":91735,"comment_status":"open","ping_status":"closed","sticky":false,"template":"","format":"standard","meta":{"_links_to":"","_links_to_target":""},"categories":[7,3247],"tags":[153,3739,4137,2609,145],"_links":{"self":[{"href":"https:\/\/www.locoxelrojo.com\/independiente\/wp-json\/wp\/v2\/posts\/91722"}],"collection":[{"href":"https:\/\/www.locoxelrojo.com\/independiente\/wp-json\/wp\/v2\/posts"}],"about":[{"href":"https:\/\/www.locoxelrojo.com\/independiente\/wp-json\/wp\/v2\/types\/post"}],"author":[{"embeddable":true,"href":"https:\/\/www.locoxelrojo.com\/independiente\/wp-json\/wp\/v2\/users\/101017"}],"replies":[{"embeddable":true,"href":"https:\/\/www.locoxelrojo.com\/independiente\/wp-json\/wp\/v2\/comments?post=91722"}],"version-history":[{"count":4,"href":"https:\/\/www.locoxelrojo.com\/independiente\/wp-json\/wp\/v2\/posts\/91722\/revisions"}],"predecessor-version":[{"id":91746,"href":"https:\/\/www.locoxelrojo.com\/independiente\/wp-json\/wp\/v2\/posts\/91722\/revisions\/91746"}],"wp:featuredmedia":[{"embeddable":true,"href":"https:\/\/www.locoxelrojo.com\/independiente\/wp-json\/wp\/v2\/media\/91735"}],"wp:attachment":[{"href":"https:\/\/www.locoxelrojo.com\/independiente\/wp-json\/wp\/v2\/media?parent=91722"}],"wp:term":[{"taxonomy":"category","embeddable":true,"href":"https:\/\/www.locoxelrojo.com\/independiente\/wp-json\/wp\/v2\/categories?post=91722"},{"taxonomy":"post_tag","embeddable":true,"href":"https:\/\/www.locoxelrojo.com\/independiente\/wp-json\/wp\/v2\/tags?post=91722"}],"curies":[{"name":"wp","href":"https:\/\/api.w.org\/{rel}","templated":true}]}}