{"id":91793,"date":"2020-12-05T16:42:31","date_gmt":"2020-12-05T19:42:31","guid":{"rendered":"http:\/\/www.locoxelrojo.com\/independiente\/?p=91793"},"modified":"2020-12-05T16:42:31","modified_gmt":"2020-12-05T19:42:31","slug":"asi-llega-defensa-y-justicia-5","status":"publish","type":"post","link":"https:\/\/www.locoxelrojo.com\/independiente\/2020\/12\/05\/asi-llega-defensa-y-justicia-5\/","title":{"rendered":"As\u00ed llega Defensa y Justicia"},"content":{"rendered":"<p><strong>El Halc\u00f3n de Varela llega al duelo con el Rojo ya sin chances de clasificar a la Fase Campeonato<\/strong>, relegado en el torneo dom\u00e9stico pero <strong>envalentonado por la haza\u00f1a lograda en Brasil ante Vasco Da Gama<\/strong>, avanzando a la siguiente instancia de la Copa Sudamericana.<\/p>\n<p><strong>Defensa est\u00e1 \u00faltimo en la Zona 2 con tan solo 2 unidades en 5 partidos disputados, producto de 3 derrotas y 2 empates<\/strong>, donde anot\u00f3 4 goles y recibi\u00f3 10, quedando con una diferencia de -6.<\/p>\n<p><strong>Los de Varela no conocen una victoria por el torneo local desde la \u00faltima jornada de la pasada Superliga, en marzo<\/strong>, cuando le gan\u00f3 2-0 a Patronato. <strong>Vienen de caer la fecha pasada de la actual Copa Maradona en su cancha contra Central C\u00f3rdoba por 3-2.<\/strong> Sus \u00fanicos puntos fueron por el empate ante los santiague\u00f1os en el norte del pa\u00eds y ante el Rojo en la igualdad 0-0 del \u00faltimo antecedente entre ambos. Sin embargo, <strong>el conjunto Hern\u00e1n Crespo viene de obtener una tremenda victoria 1-0 y clasificaci\u00f3n ante Vasco Da Gama en Brasil,<\/strong> tras empatar 1-1 en la ida y est\u00e1 en Cuartos de Final de la Sudamericana.<\/p>\n<p><strong>Teniendo como gran novedad la incorporaci\u00f3n del delantero de Boca, Walter Bou<\/strong>, Crespo a\u00fan no defini\u00f3 el once titular para enfrentar a Independiente, teniendo la posibilidad de utilizar a varios suplentes para darles rodaje. Una posibilidad ser\u00eda: <strong>Luis Unsain; Adonis Frias, Juan Rodr\u00edguez, H\u00e9ctor Mart\u00ednez; Ciro Rius, Nelson Acevedo, Marcelo Ben\u00edtez, Nahuel Gallardo; Washington Camacho, Francisco Pizzini, Braian Romero.<\/strong><\/p>\n","protected":false},"excerpt":{"rendered":"<p>El Halc\u00f3n de Varela llega al duelo con el Rojo ya sin chances de clasificar a la Fase Campeonato, relegado en el torneo dom\u00e9stico pero envalentonado por la haza\u00f1a lograda en Brasil ante Vasco Da Gama, avanzando a la siguiente instancia de la Copa Sudamericana. Defensa est\u00e1 \u00faltimo en la Zona 2 con tan solo [&hellip;]<\/p>\n","protected":false},"author":101017,"featured_media":91794,"comment_status":"open","ping_status":"closed","sticky":false,"template":"","format":"standard","meta":{"_links_to":"","_links_to_target":""},"categories":[1990,3247],"tags":[153,4728,896,3275],"_links":{"self":[{"href":"https:\/\/www.locoxelrojo.com\/independiente\/wp-json\/wp\/v2\/posts\/91793"}],"collection":[{"href":"https:\/\/www.locoxelrojo.com\/independiente\/wp-json\/wp\/v2\/posts"}],"about":[{"href":"https:\/\/www.locoxelrojo.com\/independiente\/wp-json\/wp\/v2\/types\/post"}],"author":[{"embeddable":true,"href":"https:\/\/www.locoxelrojo.com\/independiente\/wp-json\/wp\/v2\/users\/101017"}],"replies":[{"embeddable":true,"href":"https:\/\/www.locoxelrojo.com\/independiente\/wp-json\/wp\/v2\/comments?post=91793"}],"version-history":[{"count":1,"href":"https:\/\/www.locoxelrojo.com\/independiente\/wp-json\/wp\/v2\/posts\/91793\/revisions"}],"predecessor-version":[{"id":91795,"href":"https:\/\/www.locoxelrojo.com\/independiente\/wp-json\/wp\/v2\/posts\/91793\/revisions\/91795"}],"wp:featuredmedia":[{"embeddable":true,"href":"https:\/\/www.locoxelrojo.com\/independiente\/wp-json\/wp\/v2\/media\/91794"}],"wp:attachment":[{"href":"https:\/\/www.locoxelrojo.com\/independiente\/wp-json\/wp\/v2\/media?parent=91793"}],"wp:term":[{"taxonomy":"category","embeddable":true,"href":"https:\/\/www.locoxelrojo.com\/independiente\/wp-json\/wp\/v2\/categories?post=91793"},{"taxonomy":"post_tag","embeddable":true,"href":"https:\/\/www.locoxelrojo.com\/independiente\/wp-json\/wp\/v2\/tags?post=91793"}],"curies":[{"name":"wp","href":"https:\/\/api.w.org\/{rel}","templated":true}]}}