{"id":9202,"date":"2011-06-28T04:44:32","date_gmt":"2011-06-28T07:44:32","guid":{"rendered":"http:\/\/www.locoxelrojo.com.ar\/independiente\/?p=9202"},"modified":"2015-09-14T22:03:40","modified_gmt":"2015-09-15T01:03:40","slug":"pachuca-da-el-ok-para-la-interamericana","status":"publish","type":"post","link":"https:\/\/www.locoxelrojo.com\/independiente\/2011\/06\/28\/pachuca-da-el-ok-para-la-interamericana\/","title":{"rendered":"Pachuca dio el visto bueno para la Interamericana"},"content":{"rendered":"<p><a href=\"http:\/\/www.locoxelrojo.com.ar\/independiente\/wp-content\/uploads\/2011\/06\/copa_independiente1.jpg\"><img loading=\"lazy\" class=\"alignnone size-full wp-image-9203\" title=\"copa_independiente\" src=\"http:\/\/www.locoxelrojo.com.ar\/independiente\/wp-content\/uploads\/2011\/06\/copa_independiente1.jpg\" alt=\"\" width=\"590\" height=\"315\" srcset=\"https:\/\/locoxelrojo.com\/independiente\/wp-content\/uploads\/2011\/06\/copa_independiente1.jpg 590w, https:\/\/locoxelrojo.com\/independiente\/wp-content\/uploads\/2011\/06\/copa_independiente1-300x160.jpg 300w\" sizes=\"(max-width: 590px) 100vw, 590px\" \/><\/a><\/p>\n<p><strong>Andr\u00e9s Fassi, Vicepresidente de Pachuca<\/strong>, ratific\u00f3 que ya hay un pedido de autorizaci\u00f3n env\u00edado a la CONCACAF y otro a la CONMEBOL para que se juege la Copa Interamericana en octubre. Ser\u00e1 un solo encuentro en Estados Unidos. El argentino, ex Racing e Instituto, dirige deportivamente a la instituci\u00f3n mexicana y eso facilit\u00f3 los tr\u00e1mites.<\/p>\n<p><strong>&#8220;Pachuca quiere hacer esta Copa Interamericana y ser\u00eda con Independiente, que es el \u00faltimo campe\u00f3n del 2010 de la Copa Sudamericana&#8221;<\/strong>, explic\u00f3 Fassi quien luego agreg\u00f3 que la idea es que esta Copa se vuelva a disputar para que sea continua a lo largo del tiempo.<\/p>\n<p><strong>&#8220;Estamos esperando que Conmebol nos d\u00e9 la autorizaci\u00f3n, tambi\u00e9n hemos pedido los permisos a Concacaf para que las dos confederaciones autoricen y poder hacer este partido, que posiblemente sea a un juego en Estados Unidos&#8221;,<\/strong> agreg\u00f3 por \u00faltimo el directivo de la instituci\u00f3n mexicana.<\/p>\n<p><span style=\"color: #888888;\">Fuente: MedioTiempo.Net<\/span><\/p>\n","protected":false},"excerpt":{"rendered":"<p>Andr\u00e9s Fassi, Vicepresidente de Pachuca, ratific\u00f3 que ya hay un pedido de autorizaci\u00f3n env\u00edado a la CONCACAF y otro a la CONMEBOL para que se juege la Copa Interamericana en octubre. Ser\u00e1 un solo encuentro en Estados Unidos. El argentino, ex Racing e Instituto, dirige deportivamente a la instituci\u00f3n mexicana y eso facilit\u00f3 los tr\u00e1mites. [&hellip;]<\/p>\n","protected":false},"author":1,"featured_media":0,"comment_status":"open","ping_status":"open","sticky":false,"template":"","format":"standard","meta":{"_links_to":"","_links_to_target":""},"categories":[3,1],"tags":[153,872,184,765,764],"_links":{"self":[{"href":"https:\/\/www.locoxelrojo.com\/independiente\/wp-json\/wp\/v2\/posts\/9202"}],"collection":[{"href":"https:\/\/www.locoxelrojo.com\/independiente\/wp-json\/wp\/v2\/posts"}],"about":[{"href":"https:\/\/www.locoxelrojo.com\/independiente\/wp-json\/wp\/v2\/types\/post"}],"author":[{"embeddable":true,"href":"https:\/\/www.locoxelrojo.com\/independiente\/wp-json\/wp\/v2\/users\/1"}],"replies":[{"embeddable":true,"href":"https:\/\/www.locoxelrojo.com\/independiente\/wp-json\/wp\/v2\/comments?post=9202"}],"version-history":[{"count":0,"href":"https:\/\/www.locoxelrojo.com\/independiente\/wp-json\/wp\/v2\/posts\/9202\/revisions"}],"wp:attachment":[{"href":"https:\/\/www.locoxelrojo.com\/independiente\/wp-json\/wp\/v2\/media?parent=9202"}],"wp:term":[{"taxonomy":"category","embeddable":true,"href":"https:\/\/www.locoxelrojo.com\/independiente\/wp-json\/wp\/v2\/categories?post=9202"},{"taxonomy":"post_tag","embeddable":true,"href":"https:\/\/www.locoxelrojo.com\/independiente\/wp-json\/wp\/v2\/tags?post=9202"}],"curies":[{"name":"wp","href":"https:\/\/api.w.org\/{rel}","templated":true}]}}