{"id":92032,"date":"2020-12-15T13:00:05","date_gmt":"2020-12-15T16:00:05","guid":{"rendered":"http:\/\/www.locoxelrojo.com\/independiente\/?p=92032"},"modified":"2020-12-15T15:45:34","modified_gmt":"2020-12-15T18:45:34","slug":"que-dijo-sobre-su-renovacion","status":"publish","type":"post","link":"https:\/\/www.locoxelrojo.com\/independiente\/2020\/12\/15\/que-dijo-sobre-su-renovacion\/","title":{"rendered":"\u00bfQu\u00e9 dijo sobre su renovaci\u00f3n?"},"content":{"rendered":"<p><a href=\"https:\/\/www.locoxelrojo.com\/independiente\/2020\/12\/15\/pusineri-hizo-su-desquite-sobre-el-arbitraje\/\">Adem\u00e1s de haber hecho su descargo contra el arbitraje de Nicol\u00e1s Lamolina el pasado fin de semana<\/a>,<strong> Lucas Pusineri<\/strong> se refiri\u00f3 a los dichos sobre su continuidad en Independiente.<\/p>\n<p>Mientras el Rojo disputa la Copa Diego Armando Maradona y la Sudamericana hay una inc\u00f3gnita, que es la situaci\u00f3n del entrenador, a quien se le vence el contrato a fin de mes. <strong>H\u00e9ctor Maldonado<\/strong>, en varias ocasiones, manifest\u00f3 que le iban a renovar y ahora se sum\u00f3 <strong>Pablo Moyano<\/strong>.<\/p>\n<p>Todo indica que la extensi\u00f3n de contrato est\u00e1 cerca. Es por eso que al DT se lo not\u00f3 contento y, consultado por los dichos de los dirigentes, contest\u00f3: <strong>\u201cDa mucha satisfacci\u00f3n y un reconocimiento al trabajo que venimos realizando. Es muy oportuno y me da mucha alegr\u00eda que la directiva pueda llegar a estar muy contentos y conformes, eso me da aliento para lo que viene\u201d<\/strong>.<\/p>\n<p><strong>&#8220;No es solo un tema de un contrato, sino un proyecto en com\u00fan que queremos que a Independiente le vaya bien y sea competitivo a lo largo del tiempo. Me pone muy contento todo lo que est\u00e1 pasando y se ve la buena comuni\u00f3n que tenemos con la directiva&#8221;<\/strong>, cerr\u00f3.<\/p>\n","protected":false},"excerpt":{"rendered":"<p>Adem\u00e1s de haber hecho su descargo contra el arbitraje de Nicol\u00e1s Lamolina el pasado fin de semana, Lucas Pusineri se refiri\u00f3 a los dichos sobre su continuidad en Independiente. Mientras el Rojo disputa la Copa Diego Armando Maradona y la Sudamericana hay una inc\u00f3gnita, que es la situaci\u00f3n del entrenador, a quien se le vence [&hellip;]<\/p>\n","protected":false},"author":101025,"featured_media":92033,"comment_status":"open","ping_status":"closed","sticky":false,"template":"","format":"standard","meta":{"_links_to":"","_links_to_target":""},"categories":[3247,3],"tags":[153,145],"_links":{"self":[{"href":"https:\/\/www.locoxelrojo.com\/independiente\/wp-json\/wp\/v2\/posts\/92032"}],"collection":[{"href":"https:\/\/www.locoxelrojo.com\/independiente\/wp-json\/wp\/v2\/posts"}],"about":[{"href":"https:\/\/www.locoxelrojo.com\/independiente\/wp-json\/wp\/v2\/types\/post"}],"author":[{"embeddable":true,"href":"https:\/\/www.locoxelrojo.com\/independiente\/wp-json\/wp\/v2\/users\/101025"}],"replies":[{"embeddable":true,"href":"https:\/\/www.locoxelrojo.com\/independiente\/wp-json\/wp\/v2\/comments?post=92032"}],"version-history":[{"count":6,"href":"https:\/\/www.locoxelrojo.com\/independiente\/wp-json\/wp\/v2\/posts\/92032\/revisions"}],"predecessor-version":[{"id":92041,"href":"https:\/\/www.locoxelrojo.com\/independiente\/wp-json\/wp\/v2\/posts\/92032\/revisions\/92041"}],"wp:featuredmedia":[{"embeddable":true,"href":"https:\/\/www.locoxelrojo.com\/independiente\/wp-json\/wp\/v2\/media\/92033"}],"wp:attachment":[{"href":"https:\/\/www.locoxelrojo.com\/independiente\/wp-json\/wp\/v2\/media?parent=92032"}],"wp:term":[{"taxonomy":"category","embeddable":true,"href":"https:\/\/www.locoxelrojo.com\/independiente\/wp-json\/wp\/v2\/categories?post=92032"},{"taxonomy":"post_tag","embeddable":true,"href":"https:\/\/www.locoxelrojo.com\/independiente\/wp-json\/wp\/v2\/tags?post=92032"}],"curies":[{"name":"wp","href":"https:\/\/api.w.org\/{rel}","templated":true}]}}