{"id":92126,"date":"2020-12-19T11:25:35","date_gmt":"2020-12-19T14:25:35","guid":{"rendered":"http:\/\/www.locoxelrojo.com\/independiente\/?p=92126"},"modified":"2020-12-19T16:06:20","modified_gmt":"2020-12-19T19:06:20","slug":"velasco-al-sub-20","status":"publish","type":"post","link":"https:\/\/www.locoxelrojo.com\/independiente\/2020\/12\/19\/velasco-al-sub-20\/","title":{"rendered":"Velasco, al Sub 20"},"content":{"rendered":"<p>Esta semana se conoci\u00f3 la lista de futbolistas convocados para una nueva semana de entrenamientos de la <strong>Selecci\u00f3n Argentina Sub 20<\/strong> y <strong>Alan Velasco fue uno de los citados<\/strong>.<\/p>\n<p><strong>Fernando Batista<\/strong>, entrenador del combinado nacional, dio a conocer la n\u00f3mina de 29 jugadores que se deber\u00e1n presentar el pr\u00f3ximo lunes en Ezeiza. <strong>De esta preselecci\u00f3n comenzar\u00e1n a salir los nombres que representen al pa\u00eds en el Sudamericano Sub 20 de Colombia del a\u00f1o que viene<\/strong>.<\/p>\n<p>Entre estos futbolistas se encuentra <strong>el atacante de Independiente de 18 a\u00f1os<\/strong>, quien hace menos de un mes marc\u00f3 su primer gol en Primera y se perfila para ser titular ma\u00f1ana contra Boca.<\/p>\n<p>El certamen a jugarse en el pa\u00eds cafetero, en febrero de 2021, <strong>otorgar\u00e1 cuatro plazas para el Mundial de la categor\u00eda a disputarse en Indonesia<\/strong> a mediados del a\u00f1o que viene.<\/p>\n<p><a href=\"https:\/\/www.locoxelrojo.com\/independiente\/wp-content\/uploads\/2020\/12\/argentina-sub-20-velasco-citacion.jpg\"><img loading=\"lazy\" class=\"aligncenter size-full wp-image-92127\" src=\"https:\/\/www.locoxelrojo.com\/independiente\/wp-content\/uploads\/2020\/12\/argentina-sub-20-velasco-citacion.jpg\" alt=\"\" width=\"1080\" height=\"1080\" srcset=\"https:\/\/locoxelrojo.com\/independiente\/wp-content\/uploads\/2020\/12\/argentina-sub-20-velasco-citacion.jpg 1080w, https:\/\/locoxelrojo.com\/independiente\/wp-content\/uploads\/2020\/12\/argentina-sub-20-velasco-citacion-300x300.jpg 300w, https:\/\/locoxelrojo.com\/independiente\/wp-content\/uploads\/2020\/12\/argentina-sub-20-velasco-citacion-1024x1024.jpg 1024w, https:\/\/locoxelrojo.com\/independiente\/wp-content\/uploads\/2020\/12\/argentina-sub-20-velasco-citacion-150x150.jpg 150w, https:\/\/locoxelrojo.com\/independiente\/wp-content\/uploads\/2020\/12\/argentina-sub-20-velasco-citacion-768x768.jpg 768w, https:\/\/locoxelrojo.com\/independiente\/wp-content\/uploads\/2020\/12\/argentina-sub-20-velasco-citacion-696x696.jpg 696w, https:\/\/locoxelrojo.com\/independiente\/wp-content\/uploads\/2020\/12\/argentina-sub-20-velasco-citacion-1068x1068.jpg 1068w, https:\/\/locoxelrojo.com\/independiente\/wp-content\/uploads\/2020\/12\/argentina-sub-20-velasco-citacion-420x420.jpg 420w, https:\/\/locoxelrojo.com\/independiente\/wp-content\/uploads\/2020\/12\/argentina-sub-20-velasco-citacion-128x128.jpg 128w, https:\/\/locoxelrojo.com\/independiente\/wp-content\/uploads\/2020\/12\/argentina-sub-20-velasco-citacion-32x32.jpg 32w\" sizes=\"(max-width: 1080px) 100vw, 1080px\" \/><\/a><\/p>\n","protected":false},"excerpt":{"rendered":"<p>Esta semana se conoci\u00f3 la lista de futbolistas convocados para una nueva semana de entrenamientos de la Selecci\u00f3n Argentina Sub 20 y Alan Velasco fue uno de los citados. Fernando Batista, entrenador del combinado nacional, dio a conocer la n\u00f3mina de 29 jugadores que se deber\u00e1n presentar el pr\u00f3ximo lunes en Ezeiza. De esta preselecci\u00f3n [&hellip;]<\/p>\n","protected":false},"author":19,"featured_media":91749,"comment_status":"open","ping_status":"closed","sticky":false,"template":"","format":"standard","meta":{"_links_to":"","_links_to_target":""},"categories":[3247,3281],"tags":[3560,3448,226],"_links":{"self":[{"href":"https:\/\/www.locoxelrojo.com\/independiente\/wp-json\/wp\/v2\/posts\/92126"}],"collection":[{"href":"https:\/\/www.locoxelrojo.com\/independiente\/wp-json\/wp\/v2\/posts"}],"about":[{"href":"https:\/\/www.locoxelrojo.com\/independiente\/wp-json\/wp\/v2\/types\/post"}],"author":[{"embeddable":true,"href":"https:\/\/www.locoxelrojo.com\/independiente\/wp-json\/wp\/v2\/users\/19"}],"replies":[{"embeddable":true,"href":"https:\/\/www.locoxelrojo.com\/independiente\/wp-json\/wp\/v2\/comments?post=92126"}],"version-history":[{"count":3,"href":"https:\/\/www.locoxelrojo.com\/independiente\/wp-json\/wp\/v2\/posts\/92126\/revisions"}],"predecessor-version":[{"id":92131,"href":"https:\/\/www.locoxelrojo.com\/independiente\/wp-json\/wp\/v2\/posts\/92126\/revisions\/92131"}],"wp:featuredmedia":[{"embeddable":true,"href":"https:\/\/www.locoxelrojo.com\/independiente\/wp-json\/wp\/v2\/media\/91749"}],"wp:attachment":[{"href":"https:\/\/www.locoxelrojo.com\/independiente\/wp-json\/wp\/v2\/media?parent=92126"}],"wp:term":[{"taxonomy":"category","embeddable":true,"href":"https:\/\/www.locoxelrojo.com\/independiente\/wp-json\/wp\/v2\/categories?post=92126"},{"taxonomy":"post_tag","embeddable":true,"href":"https:\/\/www.locoxelrojo.com\/independiente\/wp-json\/wp\/v2\/tags?post=92126"}],"curies":[{"name":"wp","href":"https:\/\/api.w.org\/{rel}","templated":true}]}}