{"id":9221,"date":"2011-06-28T21:36:17","date_gmt":"2011-06-29T00:36:17","guid":{"rendered":"http:\/\/www.locoxelrojo.com.ar\/independiente\/?p=9221"},"modified":"2015-09-14T22:05:29","modified_gmt":"2015-09-15T01:05:29","slug":"%c2%bfotra-copa-mas-ahora-se-jugaria-la-intercontinental-frente-al-porto","status":"publish","type":"post","link":"https:\/\/www.locoxelrojo.com\/independiente\/2011\/06\/28\/%c2%bfotra-copa-mas-ahora-se-jugaria-la-intercontinental-frente-al-porto\/","title":{"rendered":"Comparada afirma que se jugar\u00eda la Intercontinental frente al Porto"},"content":{"rendered":"<p><a href=\"http:\/\/www.locoxelrojo.com.ar\/independiente\/wp-content\/uploads\/2011\/06\/porto.jpg\"><img loading=\"lazy\" class=\"alignnone size-full wp-image-9222\" title=\"porto\" src=\"http:\/\/www.locoxelrojo.com.ar\/independiente\/wp-content\/uploads\/2011\/06\/porto.jpg\" alt=\"\" width=\"590\" height=\"315\" srcset=\"https:\/\/locoxelrojo.com\/independiente\/wp-content\/uploads\/2011\/06\/porto.jpg 590w, https:\/\/locoxelrojo.com\/independiente\/wp-content\/uploads\/2011\/06\/porto-300x160.jpg 300w\" sizes=\"(max-width: 590px) 100vw, 590px\" \/><\/a><\/p>\n<p>Luego del sorteo de la Copa Sudamericana Julio Comparada dialog\u00f3 con <strong>ESPN Radio Rivadavia<\/strong> y manifest\u00f3 que en una reuni\u00f3n con dirigentes le confirmaron que <strong>Independiente podr\u00eda jugar la Copa Intercontinental con el Porto de Portugal.<br \/>\n<\/strong><br \/>\nLa idea es reeditar la Copa Intercontinental que dej\u00f3 de jugarse cuando comenz\u00f3 el Mundial de Clubes. De concretarse la jugar\u00edan el \u00faltimo campe\u00f3n de la Copa Sudamericana con el \u00faltimo campe\u00f3n de la UEFA Europa League.<\/p>\n<p><strong>\u201cHoy nos confirmaron que podr\u00eda volverse a jugar la vieja Copa Intercontinental contra el Porto\u201d<\/strong>, dijo Comparada en la <strong>Oral Deportiva<\/strong>.<\/p>\n<p>De confirmarse la Copa Interamericana y ahora la Copa Intercontinental Independiente estar\u00eda jugando 5 competiciones internacionales en el semestre: Copa Suruga Bank, Recopa Sudamericana, Copa Sudamericana, Copa Interamericana y Copa Intercontinental.<\/p>\n<p>A esto hay que sumarle el Torneo Apertura y la Copa Argentina. Se viene un semestre mas que agitado.<\/p>\n","protected":false},"excerpt":{"rendered":"<p>Luego del sorteo de la Copa Sudamericana Julio Comparada dialog\u00f3 con ESPN Radio Rivadavia y manifest\u00f3 que en una reuni\u00f3n con dirigentes le confirmaron que Independiente podr\u00eda jugar la Copa Intercontinental con el Porto de Portugal. La idea es reeditar la Copa Intercontinental que dej\u00f3 de jugarse cuando comenz\u00f3 el Mundial de Clubes. De concretarse [&hellip;]<\/p>\n","protected":false},"author":1,"featured_media":0,"comment_status":"open","ping_status":"open","sticky":false,"template":"","format":"standard","meta":{"_links_to":"","_links_to_target":""},"categories":[3,1],"tags":[153,875,819,33,816,876],"_links":{"self":[{"href":"https:\/\/www.locoxelrojo.com\/independiente\/wp-json\/wp\/v2\/posts\/9221"}],"collection":[{"href":"https:\/\/www.locoxelrojo.com\/independiente\/wp-json\/wp\/v2\/posts"}],"about":[{"href":"https:\/\/www.locoxelrojo.com\/independiente\/wp-json\/wp\/v2\/types\/post"}],"author":[{"embeddable":true,"href":"https:\/\/www.locoxelrojo.com\/independiente\/wp-json\/wp\/v2\/users\/1"}],"replies":[{"embeddable":true,"href":"https:\/\/www.locoxelrojo.com\/independiente\/wp-json\/wp\/v2\/comments?post=9221"}],"version-history":[{"count":0,"href":"https:\/\/www.locoxelrojo.com\/independiente\/wp-json\/wp\/v2\/posts\/9221\/revisions"}],"wp:attachment":[{"href":"https:\/\/www.locoxelrojo.com\/independiente\/wp-json\/wp\/v2\/media?parent=9221"}],"wp:term":[{"taxonomy":"category","embeddable":true,"href":"https:\/\/www.locoxelrojo.com\/independiente\/wp-json\/wp\/v2\/categories?post=9221"},{"taxonomy":"post_tag","embeddable":true,"href":"https:\/\/www.locoxelrojo.com\/independiente\/wp-json\/wp\/v2\/tags?post=9221"}],"curies":[{"name":"wp","href":"https:\/\/api.w.org\/{rel}","templated":true}]}}