{"id":9224,"date":"2011-06-29T00:10:08","date_gmt":"2011-06-29T03:10:08","guid":{"rendered":"http:\/\/www.locoxelrojo.com.ar\/independiente\/?p=9224"},"modified":"2015-09-14T22:05:53","modified_gmt":"2015-09-15T01:05:53","slug":"cristian-diaz-hay-que-jugar-por-placer-y-gloria","status":"publish","type":"post","link":"https:\/\/www.locoxelrojo.com\/independiente\/2011\/06\/29\/cristian-diaz-hay-que-jugar-por-placer-y-gloria\/","title":{"rendered":"C. D\u00edaz: &#8220;Hay que jugar por placer y gloria&#8221;"},"content":{"rendered":"<p><a href=\"http:\/\/www.locoxelrojo.com.ar\/independiente\/wp-content\/uploads\/2011\/06\/reserva_independiente3.jpg\"><img loading=\"lazy\" class=\"alignnone size-full wp-image-9225\" title=\"reserva_independiente\" src=\"http:\/\/www.locoxelrojo.com.ar\/independiente\/wp-content\/uploads\/2011\/06\/reserva_independiente3.jpg\" alt=\"\" width=\"590\" height=\"315\" srcset=\"https:\/\/locoxelrojo.com\/independiente\/wp-content\/uploads\/2011\/06\/reserva_independiente3.jpg 590w, https:\/\/locoxelrojo.com\/independiente\/wp-content\/uploads\/2011\/06\/reserva_independiente3-300x160.jpg 300w\" sizes=\"(max-width: 590px) 100vw, 590px\" \/><\/a><\/p>\n<p>El t\u00e9cnico de la Reserva <strong>Cristian D\u00edaz<\/strong> dialog\u00f3 con<strong> Mundo Rojo por Radio La Red <\/strong>y destac\u00f3 las caracter\u00edsticas de sus dirigidos. Adem\u00e1s, cont\u00f3 su forma de trabajar y cu\u00e1les son sus objetivos como DT. <strong>&#8220;Hay que jugar por placer, gloria y despu\u00e9s por la plata. Hoy los chicos ven la salvaci\u00f3n de la familia y cuando yo jugaba mi viejo no pensaba en salvarse conmigo&#8221;<\/strong>, comenz\u00f3 contando el entrenador quien visit\u00f3 los estudios de la emisora.<\/p>\n<p>D\u00edaz cont\u00f3 cu\u00e1l es su gusto futbol\u00edstico. <strong>&#8220;De octubre a diciembre respet\u00e9 el 4-3-1-2 con el que los chicos ven\u00edan jugando. Con 4 atr\u00e1s formas centrales y laterales. Igual, a m\u00ed me gusta el 4-2-3-1&#8221;<\/strong>. Luego, explic\u00f3 que <strong>&#8220;los 4-4-2 generan ataque con los carrileros por el costado y el lateral queda menospreciado&#8221;<\/strong> Con su estilo de juego, en cambio, <strong>&#8220;los 4 de atras hacen que cuando tengas la pelota sumes un jugador m\u00e1s en el medio y otro adelante.&#8221;<\/strong><\/p>\n<p>El entrenador se refiri\u00f3 a varios jugadores que le toc\u00f3 dirigir durante el a\u00f1o.<strong> &#8220;Monserrat es el Bianco de Solari en el 89, nos dio una mano como lateral derecho improvisado&#8221;<\/strong>, comenz\u00f3 diciendo del volante diestro. Luego agreg\u00f3:<strong> &#8220;Sergio Ojeda es un central muy fuerte, t\u00e9cnico y con buen juego aereo. Cuando llegu\u00e9 lo baj\u00e9 y cuando lo sub\u00ed le dije lo que hac\u00eda mal. Se esforz\u00f3, cambi\u00f3 cosas y se dio cuenta el lugar en donde est\u00e1. Todos los chicos se dieron cuenta en diciembre de lo grande que es el club&#8221;<\/strong>, asegur\u00f3.<\/p>\n<p>Luego llegaron los turnos de Nicol\u00e1s Delmonte y Patricio Vidal<strong>. &#8220;Delmonte se gan\u00f3 un lugar en la consideraci\u00f3n del Turco. No es lo mismo quedarte jugando en Reserva si sos tenido en consideraci\u00f3n por el t\u00e9cnico que si eso no va a suceder&#8221;<\/strong>, entendi\u00f3 D\u00edaz quien agreg\u00f3 sobre el delantero que lo baj\u00f3 de categor\u00eda cuando lleg\u00f3 por superpoblaci\u00f3n y luego, \u00e9l mismo se encarg\u00f3 de volver a subir maracando goles<strong>.\u00a0&#8220;El que anda bien va para arriba y el Pato anduvo bien y rindi\u00f3. La idea es que los que bajan jueguen bien y \u00e9l me demostr\u00f3 mi error.&#8221;, <\/strong>agreg\u00f3.<\/p>\n<p>Otro jugador destacado fue Rodrigo Stipech. <strong>&#8220;Es raro porque lleg\u00f3 al club a los 13 a\u00f1os e Independiente invirti\u00f3 dinero en \u00e9l. Su juego no fue aprovechado y hoy intentamos recuperarlo. Es muy h\u00e1bil y puede jugar de media punta o de segundo delantero. Adem\u00e1s, le pega con las 2&#8221;<\/strong>, explic\u00f3 el DT.<\/p>\n<p>Por \u00faltimo, dio detalles sobre la gira y le dese\u00f3 suerte a Walter Busse.<strong> &#8220;Se jugar\u00e1 contra la primera del Ajax y luego en Grecia o en Chipre. Viajamos el 21 y jugamos el 24&#8221;<\/strong>, explic\u00f3 sobre la reserva que volver\u00e1 a los entrenamientos el fin de semana. Luego a\u00f1adi\u00f3 sonbre el volante:\u00a0<strong>&#8220;sue\u00f1o con que Busse sea un buen refuerzo, sali\u00f3 de la lesi\u00f3n y vendr\u00e1 con la cabeza liberada&#8221;<\/strong><\/p>\n","protected":false},"excerpt":{"rendered":"<p>El t\u00e9cnico de la Reserva Cristian D\u00edaz dialog\u00f3 con Mundo Rojo por Radio La Red y destac\u00f3 las caracter\u00edsticas de sus dirigidos. Adem\u00e1s, cont\u00f3 su forma de trabajar y cu\u00e1les son sus objetivos como DT. &#8220;Hay que jugar por placer, gloria y despu\u00e9s por la plata. Hoy los chicos ven la salvaci\u00f3n de la familia [&hellip;]<\/p>\n","protected":false},"author":1,"featured_media":0,"comment_status":"open","ping_status":"open","sticky":false,"template":"","format":"standard","meta":{"_links_to":"","_links_to_target":""},"categories":[3,5,1,141],"tags":[153,188,246,98,3270,877],"_links":{"self":[{"href":"https:\/\/www.locoxelrojo.com\/independiente\/wp-json\/wp\/v2\/posts\/9224"}],"collection":[{"href":"https:\/\/www.locoxelrojo.com\/independiente\/wp-json\/wp\/v2\/posts"}],"about":[{"href":"https:\/\/www.locoxelrojo.com\/independiente\/wp-json\/wp\/v2\/types\/post"}],"author":[{"embeddable":true,"href":"https:\/\/www.locoxelrojo.com\/independiente\/wp-json\/wp\/v2\/users\/1"}],"replies":[{"embeddable":true,"href":"https:\/\/www.locoxelrojo.com\/independiente\/wp-json\/wp\/v2\/comments?post=9224"}],"version-history":[{"count":0,"href":"https:\/\/www.locoxelrojo.com\/independiente\/wp-json\/wp\/v2\/posts\/9224\/revisions"}],"wp:attachment":[{"href":"https:\/\/www.locoxelrojo.com\/independiente\/wp-json\/wp\/v2\/media?parent=9224"}],"wp:term":[{"taxonomy":"category","embeddable":true,"href":"https:\/\/www.locoxelrojo.com\/independiente\/wp-json\/wp\/v2\/categories?post=9224"},{"taxonomy":"post_tag","embeddable":true,"href":"https:\/\/www.locoxelrojo.com\/independiente\/wp-json\/wp\/v2\/tags?post=9224"}],"curies":[{"name":"wp","href":"https:\/\/api.w.org\/{rel}","templated":true}]}}