{"id":92279,"date":"2020-12-27T13:19:58","date_gmt":"2020-12-27T16:19:58","guid":{"rendered":"http:\/\/www.locoxelrojo.com\/independiente\/?p=92279"},"modified":"2020-12-27T14:26:15","modified_gmt":"2020-12-27T17:26:15","slug":"concentrados-vs-argentinos-vuelve-lucas-romero-con-silvio-tocado-y-sin-lucas-rodriguez","status":"publish","type":"post","link":"https:\/\/www.locoxelrojo.com\/independiente\/2020\/12\/27\/concentrados-vs-argentinos-vuelve-lucas-romero-con-silvio-tocado-y-sin-lucas-rodriguez\/","title":{"rendered":"Concentrados vs. Argentinos: vuelve Lucas Romero, con Silvio tocado y sin Lucas Rodr\u00edguez"},"content":{"rendered":"<p><strong>Lucas Pusineri entreg\u00f3 la lista de concentrados de Independiente para visitar a Argentinos Juniors por la 3\u00aa fecha de la Zona Campeonato A de la Copa Diego Maradona.<\/strong><\/p>\n<p>Tras dos duros golpes como la eliminaci\u00f3n en la Copa Sudamericana y la ca\u00edda como local ante Boca, <strong>el t\u00e9cnico del Rojo cit\u00f3 a sus futbolistas en una lista con buenas y malas noticias y una sorpresa.<\/strong><\/p>\n<p><strong>La buena es que el 5 titular del equipo, Lucas Romero, vuelve tras su lesi\u00f3n y el que deja su lugar es Mauricio Del Castillo.<\/strong> <strong>La mala es que Lucas Rodr\u00edguez,<\/strong> lateral izquierdo del plantel, <a href=\"https:\/\/www.locoxelrojo.com\/independiente\/2020\/12\/26\/rodriguez-en-duda-para-el-lunes\/\">no se entren\u00f3 con normalidad en la semana<\/a> y <strong>ser\u00e1 cuidado, por lo que su lugar lo ocupar\u00e1 el juvenil Thomas Ortega,<\/strong> que viene de cumplir una fecha de suspensi\u00f3n por su expulsi\u00f3n ante Hurac\u00e1n.<\/p>\n<p><strong>Y la sorpresa es la presencia de Silvio Romero, capit\u00e1n y goleador de Independiente, que el \u00faltimo diagn\u00f3stico arroj\u00f3 un desgarro<\/strong> que lo oblig\u00f3 a salir en el entretiempo del partido contra Boca, donde ni siquiera pudo patear el penal sobre el final del primer tiempo. <strong>El que no figura es Marcos Landaburu, <a href=\"https:\/\/www.locoxelrojo.com\/independiente\/2020\/12\/27\/landaburu-no-seguira-en-independiente\/\">que no seguir\u00e1 en el club.<\/a><\/strong><\/p>\n<h3>Los concentrados ante Argentinos<\/h3>\n<p><strong>Arqueros<\/strong>: Sebasti\u00e1n Sosa y Milton \u00c1lvarez.<\/p>\n<p><strong>Defensores<\/strong>: Alan Franco, Gonzalo As\u00eds, Thomas Ortega, Fabricio Bustos, Sergio Barreto, Ayrton Costa y Alexander Barboza.<\/p>\n<p><strong>Volantes<\/strong>: Andr\u00e9s Roa, Pablo Hern\u00e1ndez, Lucas Gonz\u00e1lez, Alan So\u00f1ora, Lucas Romero, Carlos Benav\u00eddez, Domingo Blanco y Juan Ignacio Pacchini.<\/p>\n<p><strong>Delanteros<\/strong>: Alan Velasco, Jonathan Men\u00e9ndez, Silvio Romero, Nicol\u00e1s Messiniti, Federico Mart\u00ednez y Braian Mart\u00ednez.<\/p>\n<blockquote class=\"twitter-tweet\">\n<p dir=\"ltr\" lang=\"es\">&#x1f4cb; Lista de concentrados ante Argentinos Juniors<a href=\"https:\/\/twitter.com\/hashtag\/IFC?src=hash&amp;ref_src=twsrc%5Etfw\">#IFC<\/a> <a href=\"https:\/\/twitter.com\/hashtag\/TodoRojo?src=hash&amp;ref_src=twsrc%5Etfw\">#TodoRojo<\/a> &#x1f534; <a href=\"https:\/\/t.co\/BN4J8DsvA2\">pic.twitter.com\/BN4J8DsvA2<\/a><\/p>\n<p>\u2014 C. A. Independiente (@Independiente) <a href=\"https:\/\/twitter.com\/Independiente\/status\/1343238716266049538?ref_src=twsrc%5Etfw\">December 27, 2020<\/a><\/p><\/blockquote>\n<p><script async src=\"https:\/\/platform.twitter.com\/widgets.js\" charset=\"utf-8\"><\/script><\/p>\n","protected":false},"excerpt":{"rendered":"<p>Lucas Pusineri entreg\u00f3 la lista de concentrados de Independiente para visitar a Argentinos Juniors por la 3\u00aa fecha de la Zona Campeonato A de la Copa Diego Maradona. Tras dos duros golpes como la eliminaci\u00f3n en la Copa Sudamericana y la ca\u00edda como local ante Boca, el t\u00e9cnico del Rojo cit\u00f3 a sus futbolistas en [&hellip;]<\/p>\n","protected":false},"author":101017,"featured_media":92280,"comment_status":"open","ping_status":"closed","sticky":false,"template":"","format":"standard","meta":{"_links_to":"","_links_to_target":""},"categories":[3247,3],"tags":[153,3007,4728,145,4647,2768,1806],"_links":{"self":[{"href":"https:\/\/www.locoxelrojo.com\/independiente\/wp-json\/wp\/v2\/posts\/92279"}],"collection":[{"href":"https:\/\/www.locoxelrojo.com\/independiente\/wp-json\/wp\/v2\/posts"}],"about":[{"href":"https:\/\/www.locoxelrojo.com\/independiente\/wp-json\/wp\/v2\/types\/post"}],"author":[{"embeddable":true,"href":"https:\/\/www.locoxelrojo.com\/independiente\/wp-json\/wp\/v2\/users\/101017"}],"replies":[{"embeddable":true,"href":"https:\/\/www.locoxelrojo.com\/independiente\/wp-json\/wp\/v2\/comments?post=92279"}],"version-history":[{"count":1,"href":"https:\/\/www.locoxelrojo.com\/independiente\/wp-json\/wp\/v2\/posts\/92279\/revisions"}],"predecessor-version":[{"id":92281,"href":"https:\/\/www.locoxelrojo.com\/independiente\/wp-json\/wp\/v2\/posts\/92279\/revisions\/92281"}],"wp:featuredmedia":[{"embeddable":true,"href":"https:\/\/www.locoxelrojo.com\/independiente\/wp-json\/wp\/v2\/media\/92280"}],"wp:attachment":[{"href":"https:\/\/www.locoxelrojo.com\/independiente\/wp-json\/wp\/v2\/media?parent=92279"}],"wp:term":[{"taxonomy":"category","embeddable":true,"href":"https:\/\/www.locoxelrojo.com\/independiente\/wp-json\/wp\/v2\/categories?post=92279"},{"taxonomy":"post_tag","embeddable":true,"href":"https:\/\/www.locoxelrojo.com\/independiente\/wp-json\/wp\/v2\/tags?post=92279"}],"curies":[{"name":"wp","href":"https:\/\/api.w.org\/{rel}","templated":true}]}}