{"id":92517,"date":"2021-01-05T11:05:34","date_gmt":"2021-01-05T14:05:34","guid":{"rendered":"http:\/\/www.locoxelrojo.com\/independiente\/?p=92517"},"modified":"2021-01-05T15:17:08","modified_gmt":"2021-01-05T18:17:08","slug":"con-rodriguez-y-landaburu-a-la-par","status":"publish","type":"post","link":"https:\/\/www.locoxelrojo.com\/independiente\/2021\/01\/05\/con-rodriguez-y-landaburu-a-la-par\/","title":{"rendered":"Con Rodr\u00edguez y Landaburu a la par"},"content":{"rendered":"<p>Con la presencia de Lucas Pusineri en la pr\u00e1ctica de esta ma\u00f1ana, <strong>el plantel de Independiente recuper\u00f3 a dos de sus jugadores, quienes hab\u00edan estado separados del grupo<\/strong>.<\/p>\n<p><a href=\"https:\/\/www.locoxelrojo.com\/independiente\/2021\/01\/04\/renuncio-jorge-burruchaga\/\">Con la certeza de la renuncia de Jorge Burruchaga<\/a> y en medio de la incertidumbre por la continuidad del entrenador, <strong>el Rojo trabaja con miras al \u00faltimo partido del campeonato, <a href=\"https:\/\/www.locoxelrojo.com\/independiente\/2021\/01\/04\/independiente-visitaria-a-river-en-la-cancha-de-banfield\/\">ante River en cancha de Banfield<\/a><\/strong>. El mismo ser\u00e1 el pr\u00f3ximo fin de semana, a\u00fan con d\u00eda y horario a confirmar.<\/p>\n<p>Lo cierto es que este martes <strong>Pusineri cont\u00f3 con los regresos de Lucas Rodr\u00edguez<\/strong>, quien ya se recuper\u00f3 de la contractura en su gemelo, <strong>y Marcos Landaburu<\/strong>, quien recibi\u00f3 el alta m\u00e9dica tras dar positivo de Coronavirus.<\/p>\n<p><strong>Los futbolistas que sumaron minutos el domingo contra Arsenal realizaron trabajos f\u00edsicos<\/strong>, mientras que el resto hizo circuitos de pase y definici\u00f3n, labores t\u00e1cticas y f\u00fatbol en espacios reducidos.<\/p>\n<p><strong>Por \u00faltimo cabe mencionar que el entrenador debi\u00f3 prescindir de <a href=\"https:\/\/www.locoxelrojo.com\/independiente\/2021\/01\/05\/roa-desgarrado\/\">Andr\u00e9s Roa<\/a> y <a href=\"https:\/\/www.locoxelrojo.com\/independiente\/2021\/01\/05\/saltita-gonzalez-tambien-desgarrado\/\">Lucas Gonz\u00e1lez<\/a><\/strong>, ambos con lesiones confirmadas tras el encuentro del \u00faltimo fin de semana contra los del Viaducto.<\/p>\n","protected":false},"excerpt":{"rendered":"<p>Con la presencia de Lucas Pusineri en la pr\u00e1ctica de esta ma\u00f1ana, el plantel de Independiente recuper\u00f3 a dos de sus jugadores, quienes hab\u00edan estado separados del grupo. Con la certeza de la renuncia de Jorge Burruchaga y en medio de la incertidumbre por la continuidad del entrenador, el Rojo trabaja con miras al \u00faltimo [&hellip;]<\/p>\n","protected":false},"author":19,"featured_media":91353,"comment_status":"open","ping_status":"closed","sticky":false,"template":"","format":"standard","meta":{"_links_to":"","_links_to_target":""},"categories":[3247,3],"tags":[4267,153,26,4179,145,4647,4472,1683],"_links":{"self":[{"href":"https:\/\/www.locoxelrojo.com\/independiente\/wp-json\/wp\/v2\/posts\/92517"}],"collection":[{"href":"https:\/\/www.locoxelrojo.com\/independiente\/wp-json\/wp\/v2\/posts"}],"about":[{"href":"https:\/\/www.locoxelrojo.com\/independiente\/wp-json\/wp\/v2\/types\/post"}],"author":[{"embeddable":true,"href":"https:\/\/www.locoxelrojo.com\/independiente\/wp-json\/wp\/v2\/users\/19"}],"replies":[{"embeddable":true,"href":"https:\/\/www.locoxelrojo.com\/independiente\/wp-json\/wp\/v2\/comments?post=92517"}],"version-history":[{"count":3,"href":"https:\/\/www.locoxelrojo.com\/independiente\/wp-json\/wp\/v2\/posts\/92517\/revisions"}],"predecessor-version":[{"id":92526,"href":"https:\/\/www.locoxelrojo.com\/independiente\/wp-json\/wp\/v2\/posts\/92517\/revisions\/92526"}],"wp:featuredmedia":[{"embeddable":true,"href":"https:\/\/www.locoxelrojo.com\/independiente\/wp-json\/wp\/v2\/media\/91353"}],"wp:attachment":[{"href":"https:\/\/www.locoxelrojo.com\/independiente\/wp-json\/wp\/v2\/media?parent=92517"}],"wp:term":[{"taxonomy":"category","embeddable":true,"href":"https:\/\/www.locoxelrojo.com\/independiente\/wp-json\/wp\/v2\/categories?post=92517"},{"taxonomy":"post_tag","embeddable":true,"href":"https:\/\/www.locoxelrojo.com\/independiente\/wp-json\/wp\/v2\/tags?post=92517"}],"curies":[{"name":"wp","href":"https:\/\/api.w.org\/{rel}","templated":true}]}}