{"id":92542,"date":"2021-01-06T16:34:01","date_gmt":"2021-01-06T19:34:01","guid":{"rendered":"http:\/\/www.locoxelrojo.com\/independiente\/?p=92542"},"modified":"2021-01-06T16:34:01","modified_gmt":"2021-01-06T19:34:01","slug":"arranco-el-operativo-desgaste","status":"publish","type":"post","link":"https:\/\/www.locoxelrojo.com\/independiente\/2021\/01\/06\/arranco-el-operativo-desgaste\/","title":{"rendered":"Arranc\u00f3 el operativo desgaste"},"content":{"rendered":"<p><strong>La autodestrucci\u00f3n que se vive hoy en d\u00eda en Independiente es tan recurrente como preocupante<\/strong>. Este mi\u00e9rcoles se escribi\u00f3 otro cap\u00edtulo m\u00e1s e involucr\u00f3 a <strong>Lucas Pusineri<\/strong> con algunos dirigentes de la Comisi\u00f3n Directiva.<\/p>\n<p>\u00bfQu\u00e9 ocurri\u00f3? Tras la pr\u00e1ctica del plantel, el entrenador se reuni\u00f3 durante m\u00e1s de una hora en Villa Dom\u00ednico con <strong>H\u00e9ctor Maldonado, Walter Lusnig, Yair Hendler y Paco Rivas<\/strong>.\u00a0<strong>El sentido de la misma fue para definir si Pusineri sigue en su cargo o no<\/strong>. Pero lejos estuvieron de llegar a un acuerdo.<\/p>\n<p>Cuando el DT les consult\u00f3 sobre la deuda que el club mantiene con \u00e9l -cobr\u00f3 muy pocos meses-, <strong>los dirigentes le dijeron que la situaci\u00f3n econ\u00f3mica es muy delicada y que ellos desean que haga modificaciones en su cuerpo t\u00e9cnico<\/strong>. Cuando les pregunt\u00f3 sobre su continuidad, <strong>los dirigentes le respondieron que eso lo debe definir un m\u00e1nager<\/strong>.<\/p>\n<p>Pero Independiente es tan il\u00f3gico que no pueden abonar los meses adeudados al entrenador y <strong>se excusan en la figura de un m\u00e1nager -que no tienen<\/strong> <a href=\"https:\/\/www.locoxelrojo.com\/independiente\/2021\/01\/04\/renuncio-jorge-burruchaga\/\">porque Jorge Burruchaga ya renunci\u00f3<\/a>&#8211; <strong>para definir la continuidad de \u00e9l<\/strong>.<\/p>\n<p>En definitiva fue una reuni\u00f3n donde se sembraron m\u00e1s dudas a\u00fan. <strong>La Comisi\u00f3n quiere usar la figura de un m\u00e1nager para tomar una decisi\u00f3n que ellos no se animan<\/strong>. Y Pusineri tampoco define. En medio de esta puja, \u00bfadivinen qui\u00e9n juega el pr\u00f3ximo domingo? El principal afectado de otro nefasto <strong>operativo desgaste<\/strong>.<\/p>\n","protected":false},"excerpt":{"rendered":"<p>La autodestrucci\u00f3n que se vive hoy en d\u00eda en Independiente es tan recurrente como preocupante. Este mi\u00e9rcoles se escribi\u00f3 otro cap\u00edtulo m\u00e1s e involucr\u00f3 a Lucas Pusineri con algunos dirigentes de la Comisi\u00f3n Directiva. \u00bfQu\u00e9 ocurri\u00f3? Tras la pr\u00e1ctica del plantel, el entrenador se reuni\u00f3 durante m\u00e1s de una hora en Villa Dom\u00ednico con H\u00e9ctor [&hellip;]<\/p>\n","protected":false},"author":19,"featured_media":91158,"comment_status":"open","ping_status":"closed","sticky":false,"template":"","format":"standard","meta":{"_links_to":"","_links_to_target":""},"categories":[3280,3247],"tags":[129,1580,145,4750,1683,4748,4749],"_links":{"self":[{"href":"https:\/\/www.locoxelrojo.com\/independiente\/wp-json\/wp\/v2\/posts\/92542"}],"collection":[{"href":"https:\/\/www.locoxelrojo.com\/independiente\/wp-json\/wp\/v2\/posts"}],"about":[{"href":"https:\/\/www.locoxelrojo.com\/independiente\/wp-json\/wp\/v2\/types\/post"}],"author":[{"embeddable":true,"href":"https:\/\/www.locoxelrojo.com\/independiente\/wp-json\/wp\/v2\/users\/19"}],"replies":[{"embeddable":true,"href":"https:\/\/www.locoxelrojo.com\/independiente\/wp-json\/wp\/v2\/comments?post=92542"}],"version-history":[{"count":1,"href":"https:\/\/www.locoxelrojo.com\/independiente\/wp-json\/wp\/v2\/posts\/92542\/revisions"}],"predecessor-version":[{"id":92543,"href":"https:\/\/www.locoxelrojo.com\/independiente\/wp-json\/wp\/v2\/posts\/92542\/revisions\/92543"}],"wp:featuredmedia":[{"embeddable":true,"href":"https:\/\/www.locoxelrojo.com\/independiente\/wp-json\/wp\/v2\/media\/91158"}],"wp:attachment":[{"href":"https:\/\/www.locoxelrojo.com\/independiente\/wp-json\/wp\/v2\/media?parent=92542"}],"wp:term":[{"taxonomy":"category","embeddable":true,"href":"https:\/\/www.locoxelrojo.com\/independiente\/wp-json\/wp\/v2\/categories?post=92542"},{"taxonomy":"post_tag","embeddable":true,"href":"https:\/\/www.locoxelrojo.com\/independiente\/wp-json\/wp\/v2\/tags?post=92542"}],"curies":[{"name":"wp","href":"https:\/\/api.w.org\/{rel}","templated":true}]}}