{"id":92557,"date":"2021-01-07T12:00:56","date_gmt":"2021-01-07T15:00:56","guid":{"rendered":"http:\/\/www.locoxelrojo.com\/independiente\/?p=92557"},"modified":"2021-01-07T14:50:37","modified_gmt":"2021-01-07T17:50:37","slug":"con-hernandez-diferenciado","status":"publish","type":"post","link":"https:\/\/www.locoxelrojo.com\/independiente\/2021\/01\/07\/con-hernandez-diferenciado\/","title":{"rendered":"Con Hern\u00e1ndez diferenciado"},"content":{"rendered":"<p>El plantel de Independiente se entren\u00f3 este jueves por la ma\u00f1ana en Villa Dom\u00ednico y la novedad destacada, todav\u00eda sin conocer el futuro de Lucas Pusineri, fue <strong>la lesi\u00f3n de Pablo Hern\u00e1ndez<\/strong>.<\/p>\n<p><strong>El Tucumano se entren\u00f3 hoy de manera diferenciada ya que padece una tendinitis en una de sus rodillas<\/strong>. Cabe aclarar que el mediocampista de 34 a\u00f1os no juega oficialmente desde el 10 de diciembre, en la derrota 3-1 ante Lan\u00fas.<\/p>\n<p>Quienes tampoco se movieron a la par del grupo fueron <strong>Andr\u00e9s Roa<\/strong>, <strong>Lucas Gonz\u00e1lez<\/strong> -ambos desgarrados-, <strong>Ezequiel Mu\u00f1oz<\/strong> y <strong>Carlos Benav\u00eddez<\/strong>. \u00c9ste \u00faltimo est\u00e1 a la espera de la intervenci\u00f3n quir\u00fargica.<\/p>\n<p>El resto de los jugadores hicieron trabajos t\u00e1cticos, que comprendieron un <strong>f\u00fatbol reducido y tareas de definici\u00f3n<\/strong>.<\/p>\n<p><a href=\"https:\/\/www.locoxelrojo.com\/independiente\/2021\/01\/07\/fin-de-ciclo\/\">Ya sin Pusineri al mando del equipo<\/a>, el plantel regresar\u00e1 ma\u00f1ana a entrenarse en Dom\u00ednico a partir de las 16 bajo la direcci\u00f3n, seguramente, de <strong>Fernando Ber\u00f3n<\/strong>, el principal candidato a dirigir el encuentro ante River.<\/p>\n","protected":false},"excerpt":{"rendered":"<p>El plantel de Independiente se entren\u00f3 este jueves por la ma\u00f1ana en Villa Dom\u00ednico y la novedad destacada, todav\u00eda sin conocer el futuro de Lucas Pusineri, fue la lesi\u00f3n de Pablo Hern\u00e1ndez. El Tucumano se entren\u00f3 hoy de manera diferenciada ya que padece una tendinitis en una de sus rodillas. Cabe aclarar que el mediocampista [&hellip;]<\/p>\n","protected":false},"author":19,"featured_media":92122,"comment_status":"open","ping_status":"closed","sticky":false,"template":"","format":"standard","meta":{"_links_to":"","_links_to_target":""},"categories":[3247,3],"tags":[153,26,145,2106,1683],"_links":{"self":[{"href":"https:\/\/www.locoxelrojo.com\/independiente\/wp-json\/wp\/v2\/posts\/92557"}],"collection":[{"href":"https:\/\/www.locoxelrojo.com\/independiente\/wp-json\/wp\/v2\/posts"}],"about":[{"href":"https:\/\/www.locoxelrojo.com\/independiente\/wp-json\/wp\/v2\/types\/post"}],"author":[{"embeddable":true,"href":"https:\/\/www.locoxelrojo.com\/independiente\/wp-json\/wp\/v2\/users\/19"}],"replies":[{"embeddable":true,"href":"https:\/\/www.locoxelrojo.com\/independiente\/wp-json\/wp\/v2\/comments?post=92557"}],"version-history":[{"count":1,"href":"https:\/\/www.locoxelrojo.com\/independiente\/wp-json\/wp\/v2\/posts\/92557\/revisions"}],"predecessor-version":[{"id":92558,"href":"https:\/\/www.locoxelrojo.com\/independiente\/wp-json\/wp\/v2\/posts\/92557\/revisions\/92558"}],"wp:featuredmedia":[{"embeddable":true,"href":"https:\/\/www.locoxelrojo.com\/independiente\/wp-json\/wp\/v2\/media\/92122"}],"wp:attachment":[{"href":"https:\/\/www.locoxelrojo.com\/independiente\/wp-json\/wp\/v2\/media?parent=92557"}],"wp:term":[{"taxonomy":"category","embeddable":true,"href":"https:\/\/www.locoxelrojo.com\/independiente\/wp-json\/wp\/v2\/categories?post=92557"},{"taxonomy":"post_tag","embeddable":true,"href":"https:\/\/www.locoxelrojo.com\/independiente\/wp-json\/wp\/v2\/tags?post=92557"}],"curies":[{"name":"wp","href":"https:\/\/api.w.org\/{rel}","templated":true}]}}