{"id":92623,"date":"2021-01-09T23:20:55","date_gmt":"2021-01-10T02:20:55","guid":{"rendered":"http:\/\/www.locoxelrojo.com\/independiente\/?p=92623"},"modified":"2021-01-10T02:27:57","modified_gmt":"2021-01-10T05:27:57","slug":"l-romero-tenemos-un-grado-de-responsabilidad-en-la-salida-de-pusineri-y-debemos-asumirlo","status":"publish","type":"post","link":"https:\/\/www.locoxelrojo.com\/independiente\/2021\/01\/09\/l-romero-tenemos-un-grado-de-responsabilidad-en-la-salida-de-pusineri-y-debemos-asumirlo\/","title":{"rendered":"L. Romero: &#8220;Tenemos un grado de responsabilidad en la salida de Pusineri y debemos asumirlo&#8221;"},"content":{"rendered":"<p><strong>Lucas Romero<\/strong> habl\u00f3 <a href=\"https:\/\/www.locoxelrojo.com\/independiente\/2021\/01\/09\/gano-y-corto-la-racha\/\">tras el triunfo 2-0 de Independiente con River<\/a> en la Copa Diego Armando Maradona. A pesar de la victoria, el volante <strong>lament\u00f3 como termin\u00f3 el Rojo en el 2020 y realiz\u00f3 una autocr\u00edtica sobre la salida de Lucas Pusineri.<\/strong><\/p>\n<p><strong>&#8220;Fue un partido muy bueno y muy intenso. Supimos aprovechar las oportunidades que tuvimos para abrir el marcador. En el complemento ellos se apoderaron m\u00e1s de la pelota, y con la intensidad que tienen nos fueron metiendo un poco atr\u00e1s, pero supimos mantener el arco en cero&#8221;<\/strong>, resalt\u00f3 el Perro sobre los tres puntos que se trajo el Rojo para Avellaneda.<\/p>\n<p>Luego, analiz\u00f3 lo que fue el a\u00f1o de Independiente: <strong>&#8220;Post pandemia creo que no fue malo, en todas la competiciones salimos a dar pelea. Lamentablemente llegamos ac\u00e1 sin chances de clasificar, pero sabemos la camiseta que tenemos puesta. Nos vamos al descanso dolidos, porque por lo que hicimos merec\u00edamos un poco m\u00e1s&#8221;<\/strong>.<\/p>\n<p><strong>&#8220;Gran parte fue de Lucas y otra nuestra. Se form\u00f3 un grupo muy bueno y est\u00e1bamos muy unidos. Es un gran profesional, que crey\u00f3 en nosotros y estamos muy agradecidos. No pens\u00e9 que se iba a ir, pero esto es f\u00fatbol y es as\u00ed. Nosotros tenemos un grado de responsabilidad en su salida y debemos asumirlo&#8221;<\/strong>, cerr\u00f3.<\/p>\n<blockquote class=\"twitter-tweet\" data-width=\"550\" data-dnt=\"true\">\n<p lang=\"es\" dir=\"ltr\"><a href=\"https:\/\/twitter.com\/hashtag\/CopaMaradonaEnTNTsports?src=hash&amp;ref_src=twsrc%5Etfw\">#CopaMaradonaEnTNTsports<\/a> | Lucas Romero se refiri\u00f3 al futuro de Alan Velasco: &quot;Es un jugador muy importante y s\u00e9 que tiene mucho m\u00e1s para dar. Yo lo quiero tener siempre en mi equipo, pero nuestra carrera es corta, \u00e9l tiene un futuro enorme.&quot;<\/p>\n<p>River \ud83c\udd9a Independiente <a href=\"https:\/\/t.co\/raJnAMN4vh\">pic.twitter.com\/raJnAMN4vh<\/a><\/p>\n<p>&mdash; TNT Sports LA (en \ud83c\udfe1) (@TNTSportsLA) <a href=\"https:\/\/twitter.com\/TNTSportsLA\/status\/1348104793995272192?ref_src=twsrc%5Etfw\">January 10, 2021<\/a><\/p><\/blockquote>\n<p><script async src=\"https:\/\/platform.twitter.com\/widgets.js\" charset=\"utf-8\"><\/script><\/p>\n<p>&nbsp;<\/p>\n","protected":false},"excerpt":{"rendered":"<p>Lucas Romero habl\u00f3 tras el triunfo 2-0 de Independiente con River en la Copa Diego Armando Maradona. A pesar de la victoria, el volante lament\u00f3 como termin\u00f3 el Rojo en el 2020 y realiz\u00f3 una autocr\u00edtica sobre la salida de Lucas Pusineri. &#8220;Fue un partido muy bueno y muy intenso. Supimos aprovechar las oportunidades que [&hellip;]<\/p>\n","protected":false},"author":1,"featured_media":92624,"comment_status":"open","ping_status":"closed","sticky":false,"template":"","format":"standard","meta":{"_links_to":"","_links_to_target":""},"categories":[3247,3],"tags":[153,4734,2768,2783],"_links":{"self":[{"href":"https:\/\/www.locoxelrojo.com\/independiente\/wp-json\/wp\/v2\/posts\/92623"}],"collection":[{"href":"https:\/\/www.locoxelrojo.com\/independiente\/wp-json\/wp\/v2\/posts"}],"about":[{"href":"https:\/\/www.locoxelrojo.com\/independiente\/wp-json\/wp\/v2\/types\/post"}],"author":[{"embeddable":true,"href":"https:\/\/www.locoxelrojo.com\/independiente\/wp-json\/wp\/v2\/users\/1"}],"replies":[{"embeddable":true,"href":"https:\/\/www.locoxelrojo.com\/independiente\/wp-json\/wp\/v2\/comments?post=92623"}],"version-history":[{"count":1,"href":"https:\/\/www.locoxelrojo.com\/independiente\/wp-json\/wp\/v2\/posts\/92623\/revisions"}],"predecessor-version":[{"id":92625,"href":"https:\/\/www.locoxelrojo.com\/independiente\/wp-json\/wp\/v2\/posts\/92623\/revisions\/92625"}],"wp:featuredmedia":[{"embeddable":true,"href":"https:\/\/www.locoxelrojo.com\/independiente\/wp-json\/wp\/v2\/media\/92624"}],"wp:attachment":[{"href":"https:\/\/www.locoxelrojo.com\/independiente\/wp-json\/wp\/v2\/media?parent=92623"}],"wp:term":[{"taxonomy":"category","embeddable":true,"href":"https:\/\/www.locoxelrojo.com\/independiente\/wp-json\/wp\/v2\/categories?post=92623"},{"taxonomy":"post_tag","embeddable":true,"href":"https:\/\/www.locoxelrojo.com\/independiente\/wp-json\/wp\/v2\/tags?post=92623"}],"curies":[{"name":"wp","href":"https:\/\/api.w.org\/{rel}","templated":true}]}}