{"id":92794,"date":"2021-01-19T18:25:01","date_gmt":"2021-01-19T21:25:01","guid":{"rendered":"http:\/\/www.locoxelrojo.com\/independiente\/?p=92794"},"modified":"2021-01-19T19:15:52","modified_gmt":"2021-01-19T22:15:52","slug":"los-numeros-de-falcioni-en-el-rojo","status":"publish","type":"post","link":"https:\/\/www.locoxelrojo.com\/independiente\/2021\/01\/19\/los-numeros-de-falcioni-en-el-rojo\/","title":{"rendered":"Los n\u00fameros de Falcioni en el Rojo"},"content":{"rendered":"<p><a href=\"https:\/\/www.locoxelrojo.com\/independiente\/2021\/01\/19\/volantazo-se-viene-julio-cesar-falcioni\/\">Con el regreso de <strong>Julio C\u00e9sar Falcioni<\/strong> como entrenador a <strong>Independiente<\/strong><\/a> repasaremos c\u00f3mo le fue al Emperador en su primer y \u00fanico ciclo al frente del Rey de Copas.<\/p>\n<p>Este martes se aceler\u00f3 la vuelta del director t\u00e9cnico de 64 a\u00f1os al Rojo, quien hab\u00eda pasado por Avellaneda en <strong>la temporada 2005\/2006 con un saldo agridulce <\/strong>y cuya m\u00e1xima figura de su equipo era <strong>Sergio Ag\u00fcero<\/strong>.<\/p>\n<p><strong>En su primer torneo termin\u00f3 cuarto, con 32 puntos<\/strong>, producto de 8 triunfos, 8 empates y 3 derrotas. <strong>Su equipo marc\u00f3 34 goles<\/strong> -9 de Nicol\u00e1s Frutos y 7 del Kun- y recibi\u00f3 22. <strong>En el segundo campeonato hizo 23 puntos y qued\u00f3 12\u00ba<\/strong>, con 6 victorias, 5 igualdades y 8 ca\u00eddas (18 tantos convertidos y 18 en contra).<\/p>\n<p><strong>Las 55 unidades cosechadas a lo largo de su mandato dejaron a Independiente en la puerta de la clasificaci\u00f3n a la Copa Sudamericana<\/strong>. Adem\u00e1s, contra los Grandes tuvo un saldo parejo, con 3 ganados -2 a Racing-, 2 paridades y 3 perdidos.<\/p>\n<p>Casi 15 a\u00f1os despu\u00e9s, Falcioni regresa a la instituci\u00f3n mediante una operaci\u00f3n rel\u00e1mpago que <a href=\"https:\/\/www.locoxelrojo.com\/independiente\/2021\/01\/19\/no-dan-los-tiempos\/\">dej\u00f3 sin chances a Hern\u00e1n Crespo<\/a>. <strong>La dirigencia se inclin\u00f3 por su experiencia y el 48% de efectividad de su primer ciclo &#8211;<a href=\"https:\/\/www.locoxelrojo.com\/independiente\/2021\/01\/07\/los-numeros-de-lucas-pusineri\/\">contra el 49% que hab\u00eda sumado Pusineri<\/a>&#8211;<\/strong>.<\/p>\n","protected":false},"excerpt":{"rendered":"<p>Con el regreso de Julio C\u00e9sar Falcioni como entrenador a Independiente repasaremos c\u00f3mo le fue al Emperador en su primer y \u00fanico ciclo al frente del Rey de Copas. Este martes se aceler\u00f3 la vuelta del director t\u00e9cnico de 64 a\u00f1os al Rojo, quien hab\u00eda pasado por Avellaneda en la temporada 2005\/2006 con un saldo [&hellip;]<\/p>\n","protected":false},"author":19,"featured_media":92801,"comment_status":"open","ping_status":"closed","sticky":false,"template":"","format":"standard","meta":{"_links_to":"","_links_to_target":""},"categories":[1989,3247],"tags":[153,385,145,1808],"_links":{"self":[{"href":"https:\/\/www.locoxelrojo.com\/independiente\/wp-json\/wp\/v2\/posts\/92794"}],"collection":[{"href":"https:\/\/www.locoxelrojo.com\/independiente\/wp-json\/wp\/v2\/posts"}],"about":[{"href":"https:\/\/www.locoxelrojo.com\/independiente\/wp-json\/wp\/v2\/types\/post"}],"author":[{"embeddable":true,"href":"https:\/\/www.locoxelrojo.com\/independiente\/wp-json\/wp\/v2\/users\/19"}],"replies":[{"embeddable":true,"href":"https:\/\/www.locoxelrojo.com\/independiente\/wp-json\/wp\/v2\/comments?post=92794"}],"version-history":[{"count":3,"href":"https:\/\/www.locoxelrojo.com\/independiente\/wp-json\/wp\/v2\/posts\/92794\/revisions"}],"predecessor-version":[{"id":92810,"href":"https:\/\/www.locoxelrojo.com\/independiente\/wp-json\/wp\/v2\/posts\/92794\/revisions\/92810"}],"wp:featuredmedia":[{"embeddable":true,"href":"https:\/\/www.locoxelrojo.com\/independiente\/wp-json\/wp\/v2\/media\/92801"}],"wp:attachment":[{"href":"https:\/\/www.locoxelrojo.com\/independiente\/wp-json\/wp\/v2\/media?parent=92794"}],"wp:term":[{"taxonomy":"category","embeddable":true,"href":"https:\/\/www.locoxelrojo.com\/independiente\/wp-json\/wp\/v2\/categories?post=92794"},{"taxonomy":"post_tag","embeddable":true,"href":"https:\/\/www.locoxelrojo.com\/independiente\/wp-json\/wp\/v2\/tags?post=92794"}],"curies":[{"name":"wp","href":"https:\/\/api.w.org\/{rel}","templated":true}]}}