{"id":92834,"date":"2021-01-21T14:09:35","date_gmt":"2021-01-21T17:09:35","guid":{"rendered":"http:\/\/www.locoxelrojo.com\/independiente\/?p=92834"},"modified":"2021-01-21T16:15:36","modified_gmt":"2021-01-21T19:15:36","slug":"falcioni-fue-presentado-como-dt-de-independiente","status":"publish","type":"post","link":"https:\/\/www.locoxelrojo.com\/independiente\/2021\/01\/21\/falcioni-fue-presentado-como-dt-de-independiente\/","title":{"rendered":"Falcioni fue presentado como DT de Independiente"},"content":{"rendered":"<p><strong>Independiente present\u00f3 a Julio C\u00e9sar Falcioni como nuevo t\u00e9cnico.<\/strong><\/p>\n<p>Desde las cuentas oficiales del club oficializaron la llegada de Falcioni a Independiente. La negociaci\u00f3n fue muy r\u00e1pida y sorpresiva para todo el Mundo Rojo.<strong> Fue encabezada por H\u00e9ctor Maldonado y Sergio Palazzo.<\/strong><\/p>\n<p><a href=\"https:\/\/www.locoxelrojo.com\/independiente\/2021\/01\/21\/falcioni-puso-la-firma\/\">Este jueves firm\u00f3 su contrato<\/a> que lo ligar\u00e1 a la instituci\u00f3n por un a\u00f1o, <strong>hasta diciembre 2021<\/strong>. Su cuerpo t\u00e9cnico estar\u00e1 conformado por <strong><a href=\"https:\/\/www.locoxelrojo.com\/independiente\/2021\/01\/20\/monzon-acordo-su-regreso-a-independiente\/\">Pedro Monz\u00f3n<\/a> y Omar Piccoli como ayudantes de campo, C\u00e9sar Vel\u00e1zquez de entrenador de arqueros y los preparadores f\u00edsicos ser\u00e1n Gustavo Otero, Kenshi Piccoli y Rodrigo Castellanos.<\/strong><\/p>\n<blockquote class=\"twitter-tweet\" data-width=\"550\" data-dnt=\"true\">\n<p lang=\"es\" dir=\"ltr\">\u00a1Bienvenido Julio C\u00e9sar!<\/p>\n<p>Falcioni es el nuevo entrenador de <a href=\"https:\/\/twitter.com\/hashtag\/Independiente?src=hash&amp;ref_src=twsrc%5Etfw\">#Independiente<\/a>. Firmar\u00e1 su contrato con el Rey de Copas en las pr\u00f3ximas horas.<a href=\"https:\/\/twitter.com\/hashtag\/TodoRojo?src=hash&amp;ref_src=twsrc%5Etfw\">#TodoRojo<\/a> \ud83d\udd34 <a href=\"https:\/\/t.co\/usYMd6Cbwg\">pic.twitter.com\/usYMd6Cbwg<\/a><\/p>\n<p>&mdash; C. A. Independiente (@Independiente) <a href=\"https:\/\/twitter.com\/Independiente\/status\/1352242828454322177?ref_src=twsrc%5Etfw\">January 21, 2021<\/a><\/p><\/blockquote>\n<p><script async src=\"https:\/\/platform.twitter.com\/widgets.js\" charset=\"utf-8\"><\/script><\/p>\n<p>&nbsp;<\/p>\n","protected":false},"excerpt":{"rendered":"<p>Independiente present\u00f3 a Julio C\u00e9sar Falcioni como nuevo t\u00e9cnico. Desde las cuentas oficiales del club oficializaron la llegada de Falcioni a Independiente. La negociaci\u00f3n fue muy r\u00e1pida y sorpresiva para todo el Mundo Rojo. Fue encabezada por H\u00e9ctor Maldonado y Sergio Palazzo. Este jueves firm\u00f3 su contrato que lo ligar\u00e1 a la instituci\u00f3n por un [&hellip;]<\/p>\n","protected":false},"author":1,"featured_media":92835,"comment_status":"open","ping_status":"closed","sticky":false,"template":"","format":"standard","meta":{"_links_to":"","_links_to_target":""},"categories":[3247,3],"tags":[153,385,1742],"_links":{"self":[{"href":"https:\/\/www.locoxelrojo.com\/independiente\/wp-json\/wp\/v2\/posts\/92834"}],"collection":[{"href":"https:\/\/www.locoxelrojo.com\/independiente\/wp-json\/wp\/v2\/posts"}],"about":[{"href":"https:\/\/www.locoxelrojo.com\/independiente\/wp-json\/wp\/v2\/types\/post"}],"author":[{"embeddable":true,"href":"https:\/\/www.locoxelrojo.com\/independiente\/wp-json\/wp\/v2\/users\/1"}],"replies":[{"embeddable":true,"href":"https:\/\/www.locoxelrojo.com\/independiente\/wp-json\/wp\/v2\/comments?post=92834"}],"version-history":[{"count":3,"href":"https:\/\/www.locoxelrojo.com\/independiente\/wp-json\/wp\/v2\/posts\/92834\/revisions"}],"predecessor-version":[{"id":92850,"href":"https:\/\/www.locoxelrojo.com\/independiente\/wp-json\/wp\/v2\/posts\/92834\/revisions\/92850"}],"wp:featuredmedia":[{"embeddable":true,"href":"https:\/\/www.locoxelrojo.com\/independiente\/wp-json\/wp\/v2\/media\/92835"}],"wp:attachment":[{"href":"https:\/\/www.locoxelrojo.com\/independiente\/wp-json\/wp\/v2\/media?parent=92834"}],"wp:term":[{"taxonomy":"category","embeddable":true,"href":"https:\/\/www.locoxelrojo.com\/independiente\/wp-json\/wp\/v2\/categories?post=92834"},{"taxonomy":"post_tag","embeddable":true,"href":"https:\/\/www.locoxelrojo.com\/independiente\/wp-json\/wp\/v2\/tags?post=92834"}],"curies":[{"name":"wp","href":"https:\/\/api.w.org\/{rel}","templated":true}]}}