{"id":92873,"date":"2021-01-22T16:27:08","date_gmt":"2021-01-22T19:27:08","guid":{"rendered":"http:\/\/www.locoxelrojo.com\/independiente\/?p=92873"},"modified":"2021-01-22T16:27:08","modified_gmt":"2021-01-22T19:27:08","slug":"los-puestos-a-reforzar-para-falcioni","status":"publish","type":"post","link":"https:\/\/www.locoxelrojo.com\/independiente\/2021\/01\/22\/los-puestos-a-reforzar-para-falcioni\/","title":{"rendered":"Los puestos a reforzar para Falcioni"},"content":{"rendered":"<p>El flamante nuevo DT de Independiente asegur\u00f3 en conferencia de prensa <strong>los puestos que necesita reforzar el Rojo, adem\u00e1s de puntualizar sobre algunos jugadores de su plantel a los que apunta potenciar al m\u00e1ximo.<\/strong><\/p>\n<p><strong>&#8220;Estamos mirando posibilidades. Necesitamos un jugador de jerarqu\u00eda en la posici\u00f3n de defensor central&#8221;,<\/strong> comenz\u00f3 diciendo Julio C\u00e9sar Falcioni al hablar del mercado de pases y a\u00f1adi\u00f3: <strong>&#8220;Confiamos en Barreto, pero necesitamos un jugador de experiencia y recorrido&#8221;.<\/strong><\/p>\n<p>En la misma l\u00ednea, el entrenador declar\u00f3: <strong>&#8220;No ped\u00ed que se vayan jugadores puntualmente. Uno quiere mantener el plantel que tiene. Nos apoyamos en jugadores de jerarqu\u00eda, pero a la vez mi funci\u00f3n es darle al club un futuro prometedor y potenciar a los juveniles. No voy a opinar de otros jugadores que no sean de mi plantel. Si tenemos la posibilidad de traer a un refuerzo que nos acompa\u00f1e, ser\u00e1 bienvenido&#8221;.<\/strong><\/p>\n<p>Luego, puntualizando sobre dos piezas claves del equipo como la figura, Alan Velasco y el capit\u00e1n y goleador, Silvio Romero, el Emperador dijo: <strong>&#8220;Velasco es una gran jugador. Me parece que su posici\u00f3n, sin conocerlo profundamente y habiendo hablado con Ber\u00f3n, es detr\u00e1s del punta. Un poco como jugaba Ag\u00fcero. Trataremos de que rinda de la mejor manera. No forzaremos a nadie a jugar donde no est\u00e9n c\u00f3modos&#8221;.<\/strong><\/p>\n<p>Y sobre Silvio, manifest\u00f3: <strong>&#8220;Necesitamos tenerlo al 100% f\u00edsicamente. Le propusimos eso. Necesitamos de su ayuda para lograrlo. Conf\u00edo en Romero, la idea es estar de la mejor manera para poder rendir al m\u00e1ximo. Es la propuesta que le hicimos nosotros para el bien de todos. Esperemos poder tener la mejor versi\u00f3n de Silvio Romero en Independiente&#8221;.<\/strong><\/p>\n<p>Para finalizar, Falcioni habl\u00f3 del sue\u00f1o de la vuelta del Kun Ag\u00fcero, a qui\u00e9n dirigi\u00f3 en su anterior paso y compar\u00f3 como espera potenciar a los juveniles de ahora tal y como lo hizo con algunos ejemplos en ese entonces: <strong>&#8220;No lo llam\u00e9. Ojal\u00e1 se diera. Es un jugador que Independiente a\u00f1ora. As\u00ed como potenciamos al Kun en su momento, tambi\u00e9n lo hicimos con Biglia, Abraham y Ustari. Esperemos tener esa misma suerte en este ciclo. Ayudarlos a mejorar y que se sientan bien&#8221;.<\/strong><\/p>\n","protected":false},"excerpt":{"rendered":"<p>El flamante nuevo DT de Independiente asegur\u00f3 en conferencia de prensa los puestos que necesita reforzar el Rojo, adem\u00e1s de puntualizar sobre algunos jugadores de su plantel a los que apunta potenciar al m\u00e1ximo. &#8220;Estamos mirando posibilidades. Necesitamos un jugador de jerarqu\u00eda en la posici\u00f3n de defensor central&#8221;, comenz\u00f3 diciendo Julio C\u00e9sar Falcioni al hablar [&hellip;]<\/p>\n","protected":false},"author":101017,"featured_media":92874,"comment_status":"open","ping_status":"closed","sticky":false,"template":"","format":"standard","meta":{"_links_to":"","_links_to_target":""},"categories":[3280,3247],"tags":[3560,153,3739,4519,385,1665,1806],"_links":{"self":[{"href":"https:\/\/www.locoxelrojo.com\/independiente\/wp-json\/wp\/v2\/posts\/92873"}],"collection":[{"href":"https:\/\/www.locoxelrojo.com\/independiente\/wp-json\/wp\/v2\/posts"}],"about":[{"href":"https:\/\/www.locoxelrojo.com\/independiente\/wp-json\/wp\/v2\/types\/post"}],"author":[{"embeddable":true,"href":"https:\/\/www.locoxelrojo.com\/independiente\/wp-json\/wp\/v2\/users\/101017"}],"replies":[{"embeddable":true,"href":"https:\/\/www.locoxelrojo.com\/independiente\/wp-json\/wp\/v2\/comments?post=92873"}],"version-history":[{"count":1,"href":"https:\/\/www.locoxelrojo.com\/independiente\/wp-json\/wp\/v2\/posts\/92873\/revisions"}],"predecessor-version":[{"id":92875,"href":"https:\/\/www.locoxelrojo.com\/independiente\/wp-json\/wp\/v2\/posts\/92873\/revisions\/92875"}],"wp:featuredmedia":[{"embeddable":true,"href":"https:\/\/www.locoxelrojo.com\/independiente\/wp-json\/wp\/v2\/media\/92874"}],"wp:attachment":[{"href":"https:\/\/www.locoxelrojo.com\/independiente\/wp-json\/wp\/v2\/media?parent=92873"}],"wp:term":[{"taxonomy":"category","embeddable":true,"href":"https:\/\/www.locoxelrojo.com\/independiente\/wp-json\/wp\/v2\/categories?post=92873"},{"taxonomy":"post_tag","embeddable":true,"href":"https:\/\/www.locoxelrojo.com\/independiente\/wp-json\/wp\/v2\/tags?post=92873"}],"curies":[{"name":"wp","href":"https:\/\/api.w.org\/{rel}","templated":true}]}}