{"id":92876,"date":"2021-01-22T16:25:54","date_gmt":"2021-01-22T19:25:54","guid":{"rendered":"http:\/\/www.locoxelrojo.com\/independiente\/?p=92876"},"modified":"2021-01-22T16:55:18","modified_gmt":"2021-01-22T19:55:18","slug":"lo-banca-a-falcioni-desde-hace-tiempo","status":"publish","type":"post","link":"https:\/\/www.locoxelrojo.com\/independiente\/2021\/01\/22\/lo-banca-a-falcioni-desde-hace-tiempo\/","title":{"rendered":"Lo banca al Emperador desde hace tiempo"},"content":{"rendered":"<p>Meses antes que se conociera el desembarco de <strong>Julio C\u00e9sar Falcioni<\/strong> en Independiente, <strong>Sebasti\u00e1n Sosa<\/strong> hab\u00eda sido consultado acerca de su relaci\u00f3n con el experimentado entrenador y el uruguayo fue elogioso con \u00e9l.<\/p>\n<p>Si bien fue publicada esta tarde, varios indicios demuestran la antig\u00fcedad de un nuevo L\u00edbero vs: un Sosa abrigado, con buzo y gorra, y la muda de entrenamiento anterior a la gris que se usa ahora.<\/p>\n<p>Lo cierto es que por aquel entonces, con Lucas Pusineri como t\u00e9cnico, a Sosa le preguntaron qu\u00e9 opinaba del Emperador, quien lo hab\u00eda dirigido en Boca. <strong>&#8220;Fue muy frontal conmigo. Recuerdo que no tuve la continuidad que quer\u00eda en ese momento, surgi\u00f3 la posibilidad de ir a Colo Colo y no me dej\u00f3 ir porque al siguiente semestre iba a jugar. Me lo prometi\u00f3 y cumpli\u00f3&#8221;<\/strong>, se\u00f1al\u00f3.<\/p>\n<p>Y sobre la decisi\u00f3n del DT de elegir a Agust\u00edn Ori\u00f3n por encima de \u00e9l, record\u00f3: <strong>&#8220;Fue muy claro. Me dijo que cuando los jugadores se lesionan no pierden el puesto, sino que cuando vuelva Ori\u00f3n en dos meses, \u00e9l iba a volver a ser el titular. Era la frontalidad que necesitaba en aquel momento para tomar una decisi\u00f3n&#8221;<\/strong>.<\/p>\n<p>Con la definici\u00f3n por estas horas de la continuidad de Milton \u00c1lvarez en el club, \u00bfel conocimiento entre ambos ser\u00e1 un aliciente para que el nuevo DT elija a Sosa bajo los tres palos?<\/p>\n<blockquote class=\"instagram-media\" style=\"background: #FFF; border: 0; border-radius: 3px; box-shadow: 0 0 1px 0 rgba(0,0,0,0.5),0 1px 10px 0 rgba(0,0,0,0.15); margin: 1px; max-width: 540px; min-width: 326px; padding: 0; width: calc(100% - 2px);\" data-instgrm-captioned=\"\" data-instgrm-permalink=\"https:\/\/www.instagram.com\/p\/CKW718vjXQU\/?utm_source=ig_embed&amp;utm_campaign=loading\" data-instgrm-version=\"13\">\n<div style=\"padding: 16px;\">\n<p>&nbsp;<\/p>\n<div style=\"display: flex; flex-direction: row; align-items: center;\">\n<div style=\"background-color: #f4f4f4; border-radius: 50%; flex-grow: 0; height: 40px; margin-right: 14px; width: 40px;\"><\/div>\n<div style=\"display: flex; flex-direction: column; flex-grow: 1; justify-content: center;\">\n<div style=\"background-color: #f4f4f4; border-radius: 4px; flex-grow: 0; height: 14px; margin-bottom: 6px; width: 100px;\"><\/div>\n<div style=\"background-color: #f4f4f4; border-radius: 4px; flex-grow: 0; height: 14px; width: 60px;\"><\/div>\n<\/div>\n<\/div>\n<div style=\"padding: 19% 0;\"><\/div>\n<div style=\"display: block; height: 50px; margin: 0 auto 12px; width: 50px;\"><\/div>\n<div style=\"padding-top: 8px;\">\n<div style=\"color: #3897f0; font-family: Arial,sans-serif; font-size: 14px; font-style: normal; font-weight: 550; line-height: 18px;\">Ver esta publicaci\u00f3n en Instagram<\/div>\n<\/div>\n<div style=\"padding: 12.5% 0;\"><\/div>\n<div style=\"display: flex; flex-direction: row; margin-bottom: 14px; align-items: center;\">\n<div>\n<div style=\"background-color: #f4f4f4; border-radius: 50%; height: 12.5px; width: 12.5px; transform: translateX(0px) translateY(7px);\"><\/div>\n<div style=\"background-color: #f4f4f4; height: 12.5px; transform: rotate(-45deg) translateX(3px) translateY(1px); width: 12.5px; flex-grow: 0; margin-right: 14px; margin-left: 2px;\"><\/div>\n<div style=\"background-color: #f4f4f4; border-radius: 50%; height: 12.5px; width: 12.5px; transform: translateX(9px) translateY(-18px);\"><\/div>\n<\/div>\n<div style=\"margin-left: 8px;\">\n<div style=\"background-color: #f4f4f4; border-radius: 50%; flex-grow: 0; height: 20px; width: 20px;\"><\/div>\n<div style=\"width: 0; height: 0; border-top: 2px solid transparent; border-left: 6px solid #f4f4f4; border-bottom: 2px solid transparent; transform: translateX(16px) translateY(-4px) rotate(30deg);\"><\/div>\n<\/div>\n<div style=\"margin-left: auto;\">\n<div style=\"width: 0px; border-top: 8px solid #F4F4F4; border-right: 8px solid transparent; transform: translateY(16px);\"><\/div>\n<div style=\"background-color: #f4f4f4; flex-grow: 0; height: 12px; width: 16px; transform: translateY(-4px);\"><\/div>\n<div style=\"width: 0; height: 0; border-top: 8px solid #F4F4F4; border-left: 8px solid transparent; transform: translateY(-4px) translateX(8px);\"><\/div>\n<\/div>\n<\/div>\n<div style=\"display: flex; flex-direction: column; flex-grow: 1; justify-content: center; margin-bottom: 24px;\">\n<div style=\"background-color: #f4f4f4; border-radius: 4px; flex-grow: 0; height: 14px; margin-bottom: 6px; width: 224px;\"><\/div>\n<div style=\"background-color: #f4f4f4; border-radius: 4px; flex-grow: 0; height: 14px; width: 144px;\"><\/div>\n<\/div>\n<p>&nbsp;<\/p>\n<p style=\"color: #c9c8cd; font-family: Arial,sans-serif; font-size: 14px; line-height: 17px; margin-bottom: 0; margin-top: 8px; overflow: hidden; padding: 8px 0 7px; text-align: center; text-overflow: ellipsis; white-space: nowrap;\"><a style=\"color: #c9c8cd; font-family: Arial,sans-serif; font-size: 14px; font-style: normal; font-weight: normal; line-height: 17px; text-decoration: none;\" href=\"https:\/\/www.instagram.com\/p\/CKW718vjXQU\/?utm_source=ig_embed&amp;utm_campaign=loading\" target=\"_blank\" rel=\"noopener noreferrer\">Una publicaci\u00f3n compartida de LocoXelRojo.com (@locoxelrojoweb)<\/a><\/p>\n<\/div>\n<\/blockquote>\n<p><script async src=\"\/\/www.instagram.com\/embed.js\"><\/script><\/p>\n","protected":false},"excerpt":{"rendered":"<p>Meses antes que se conociera el desembarco de Julio C\u00e9sar Falcioni en Independiente, Sebasti\u00e1n Sosa hab\u00eda sido consultado acerca de su relaci\u00f3n con el experimentado entrenador y el uruguayo fue elogioso con \u00e9l. Si bien fue publicada esta tarde, varios indicios demuestran la antig\u00fcedad de un nuevo L\u00edbero vs: un Sosa abrigado, con buzo y [&hellip;]<\/p>\n","protected":false},"author":19,"featured_media":90813,"comment_status":"open","ping_status":"closed","sticky":false,"template":"","format":"standard","meta":{"_links_to":"","_links_to_target":""},"categories":[3247,3],"tags":[153,385,4645],"_links":{"self":[{"href":"https:\/\/www.locoxelrojo.com\/independiente\/wp-json\/wp\/v2\/posts\/92876"}],"collection":[{"href":"https:\/\/www.locoxelrojo.com\/independiente\/wp-json\/wp\/v2\/posts"}],"about":[{"href":"https:\/\/www.locoxelrojo.com\/independiente\/wp-json\/wp\/v2\/types\/post"}],"author":[{"embeddable":true,"href":"https:\/\/www.locoxelrojo.com\/independiente\/wp-json\/wp\/v2\/users\/19"}],"replies":[{"embeddable":true,"href":"https:\/\/www.locoxelrojo.com\/independiente\/wp-json\/wp\/v2\/comments?post=92876"}],"version-history":[{"count":2,"href":"https:\/\/www.locoxelrojo.com\/independiente\/wp-json\/wp\/v2\/posts\/92876\/revisions"}],"predecessor-version":[{"id":92882,"href":"https:\/\/www.locoxelrojo.com\/independiente\/wp-json\/wp\/v2\/posts\/92876\/revisions\/92882"}],"wp:featuredmedia":[{"embeddable":true,"href":"https:\/\/www.locoxelrojo.com\/independiente\/wp-json\/wp\/v2\/media\/90813"}],"wp:attachment":[{"href":"https:\/\/www.locoxelrojo.com\/independiente\/wp-json\/wp\/v2\/media?parent=92876"}],"wp:term":[{"taxonomy":"category","embeddable":true,"href":"https:\/\/www.locoxelrojo.com\/independiente\/wp-json\/wp\/v2\/categories?post=92876"},{"taxonomy":"post_tag","embeddable":true,"href":"https:\/\/www.locoxelrojo.com\/independiente\/wp-json\/wp\/v2\/tags?post=92876"}],"curies":[{"name":"wp","href":"https:\/\/api.w.org\/{rel}","templated":true}]}}