{"id":92964,"date":"2021-01-26T16:05:26","date_gmt":"2021-01-26T19:05:26","guid":{"rendered":"http:\/\/www.locoxelrojo.com\/independiente\/?p=92964"},"modified":"2021-01-26T16:05:26","modified_gmt":"2021-01-26T19:05:26","slug":"cayo-el-primero","status":"publish","type":"post","link":"https:\/\/www.locoxelrojo.com\/independiente\/2021\/01\/26\/cayo-el-primero\/","title":{"rendered":"Cay\u00f3 el primero"},"content":{"rendered":"<p>En el primero turno de este martes apareci\u00f3 el primer lesionado de la era Julio C\u00e9sar Falcioni. <strong>Mauricio Del Castillo sufri\u00f3 un desgarro y arranc\u00f3 con la recuperaci\u00f3n.<\/strong><\/p>\n<p><strong>Una de las cosas que m\u00e1s le preocupa al cuerpo t\u00e9cnico de Falcioni es el estado f\u00edsico en la que encontraron al plantel.<\/strong> Algo que no asombra para nada dada la cantidad de jugadores lesionados que tuvo el ciclo de Lucas Pusineri.<\/p>\n<p>El parte m\u00e9dico de esta ma\u00f1ana arroj\u00f3 la primera mala noticia para el emperador: <strong>Del Castillo tuvo un desgarro del m\u00fasculo semimembranoso<\/strong> y en los pr\u00f3ximos d\u00edas estar\u00e1 recuper\u00e1ndose de la lesi\u00f3n junto a Ezequiel Mu\u00f1oz y Carlos Benav\u00eddez.<\/p>\n<p><a href=\"https:\/\/www.locoxelrojo.com\/independiente\/2021\/01\/25\/doble-turno-en-villa-dominico-4\/\">La parte m\u00e1s dura de la pretemporada arranc\u00f3 en la jornada de ayer.<\/a> En este segundo d\u00eda en el predio de Villa Dom\u00ednico, <strong>durante el primer turno el plantel se someti\u00f3 a un circuito de fuerza general en el gimnasio, luego hubo trabajos t\u00e1cticos de relevos defensivos y movimientos de tenencia de pelota, control y definici\u00f3n.<\/strong> En horas de la tarde, se vendr\u00e1 el segundo.<\/p>\n","protected":false},"excerpt":{"rendered":"<p>En el primero turno de este martes apareci\u00f3 el primer lesionado de la era Julio C\u00e9sar Falcioni. Mauricio Del Castillo sufri\u00f3 un desgarro y arranc\u00f3 con la recuperaci\u00f3n. Una de las cosas que m\u00e1s le preocupa al cuerpo t\u00e9cnico de Falcioni es el estado f\u00edsico en la que encontraron al plantel. Algo que no asombra [&hellip;]<\/p>\n","protected":false},"author":1,"featured_media":92965,"comment_status":"open","ping_status":"closed","sticky":false,"template":"","format":"standard","meta":{"_links_to":"","_links_to_target":""},"categories":[3247,3],"tags":[153,385,174,4766],"_links":{"self":[{"href":"https:\/\/www.locoxelrojo.com\/independiente\/wp-json\/wp\/v2\/posts\/92964"}],"collection":[{"href":"https:\/\/www.locoxelrojo.com\/independiente\/wp-json\/wp\/v2\/posts"}],"about":[{"href":"https:\/\/www.locoxelrojo.com\/independiente\/wp-json\/wp\/v2\/types\/post"}],"author":[{"embeddable":true,"href":"https:\/\/www.locoxelrojo.com\/independiente\/wp-json\/wp\/v2\/users\/1"}],"replies":[{"embeddable":true,"href":"https:\/\/www.locoxelrojo.com\/independiente\/wp-json\/wp\/v2\/comments?post=92964"}],"version-history":[{"count":1,"href":"https:\/\/www.locoxelrojo.com\/independiente\/wp-json\/wp\/v2\/posts\/92964\/revisions"}],"predecessor-version":[{"id":92966,"href":"https:\/\/www.locoxelrojo.com\/independiente\/wp-json\/wp\/v2\/posts\/92964\/revisions\/92966"}],"wp:featuredmedia":[{"embeddable":true,"href":"https:\/\/www.locoxelrojo.com\/independiente\/wp-json\/wp\/v2\/media\/92965"}],"wp:attachment":[{"href":"https:\/\/www.locoxelrojo.com\/independiente\/wp-json\/wp\/v2\/media?parent=92964"}],"wp:term":[{"taxonomy":"category","embeddable":true,"href":"https:\/\/www.locoxelrojo.com\/independiente\/wp-json\/wp\/v2\/categories?post=92964"},{"taxonomy":"post_tag","embeddable":true,"href":"https:\/\/www.locoxelrojo.com\/independiente\/wp-json\/wp\/v2\/tags?post=92964"}],"curies":[{"name":"wp","href":"https:\/\/api.w.org\/{rel}","templated":true}]}}