{"id":92967,"date":"2021-01-26T16:32:12","date_gmt":"2021-01-26T19:32:12","guid":{"rendered":"http:\/\/www.locoxelrojo.com\/independiente\/?p=92967"},"modified":"2021-01-26T16:32:12","modified_gmt":"2021-01-26T19:32:12","slug":"pedro-monzon-puso-la-firma","status":"publish","type":"post","link":"https:\/\/www.locoxelrojo.com\/independiente\/2021\/01\/26\/pedro-monzon-puso-la-firma\/","title":{"rendered":"Pedro Monz\u00f3n puso la firma"},"content":{"rendered":"<p><strong>Pedro Dami\u00e1n Monz\u00f3n puso la firma y se convirti\u00f3 oficialmente en el ayudante de campo de Julio C\u00e9sar Falcioni. <\/strong><\/p>\n<p>El Emperador dej\u00f3 un lugar en el cuerpo t\u00e9cnico para que el club pusiera un colaborador. El apuntado por los dirigentes fue el Moncho, quien ven\u00eda de dejar su cargo en Argentinos de Quilmes. Falcioni dio el visto bueno para que se sume, <a href=\"https:\/\/www.locoxelrojo.com\/independiente\/2021\/01\/20\/monzon-acordo-su-regreso-a-independiente\/\">pero tuvo que mantenerse aislado unos d\u00edas por el Covid-19. <\/a><\/p>\n<p>Con el hisopado negativo, <strong>este martes se llev\u00f3 adelante la r\u00fabrica de su contrato que lo ligar\u00e1 al Rojo, al igual que todo el cuerpo t\u00e9cnico, hasta diciembre 2021.<\/strong> <strong>Por pedido suyo, y ser\u00eda lo que corresponde, la firma se llev\u00f3 a cabo en la Sede de Avellaneda.<\/strong> No es algo habitual, ya que desde el inicio de la gesti\u00f3n de Hugo Moyano los contratos m\u00e1s importantes se cierran en el Gremio de Camioneros.<\/p>\n<p><strong>As\u00ed fue presentado por el club en las redes sociales:<\/strong><\/p>\n<blockquote class=\"twitter-tweet\" data-width=\"550\" data-dnt=\"true\">\n<p lang=\"es\" dir=\"ltr\">El Moncho est\u00e1 en casa \u2764\ufe0f<\/p>\n<p>Pedro Dami\u00e1n Monz\u00f3n firm\u00f3 su contrato con <a href=\"https:\/\/twitter.com\/hashtag\/Independiente?src=hash&amp;ref_src=twsrc%5Etfw\">#Independiente<\/a> hasta diciembre de 2021. Ser\u00e1 Ayudante de Campo de Julio C\u00e9sar Falcioni.<a href=\"https:\/\/twitter.com\/hashtag\/TodoRojo?src=hash&amp;ref_src=twsrc%5Etfw\">#TodoRojo<\/a> \ud83d\udd34 <a href=\"https:\/\/t.co\/VJ8DQuPJxG\">pic.twitter.com\/VJ8DQuPJxG<\/a><\/p>\n<p>&mdash; C. A. Independiente (@Independiente) <a href=\"https:\/\/twitter.com\/Independiente\/status\/1354108438847094784?ref_src=twsrc%5Etfw\">January 26, 2021<\/a><\/p><\/blockquote>\n<p><script async src=\"https:\/\/platform.twitter.com\/widgets.js\" charset=\"utf-8\"><\/script><\/p>\n<p>Pos\u00f3 para la foto solo y sin dirigentes importantes a la vista. <strong>Solamente meti\u00f3 el gancho ante la presencia del gerente Paco Rivas.<\/strong> Pero no estaba solo, afuera un grupo de hinchas le dio una c\u00e1lida bienvenida, como el Moncho se la merece.<\/p>\n<blockquote class=\"twitter-tweet\" data-width=\"550\" data-dnt=\"true\">\n<p lang=\"es\" dir=\"ltr\">Moncho, uno de nosotros \ud83d\ude0d<a href=\"https:\/\/twitter.com\/hashtag\/TodoRojo?src=hash&amp;ref_src=twsrc%5Etfw\">#TodoRojo<\/a> \ud83d\udd34 <a href=\"https:\/\/t.co\/xZtEDSfCPB\">pic.twitter.com\/xZtEDSfCPB<\/a><\/p>\n<p>&mdash; C. A. Independiente (@Independiente) <a href=\"https:\/\/twitter.com\/Independiente\/status\/1354122387902631936?ref_src=twsrc%5Etfw\">January 26, 2021<\/a><\/p><\/blockquote>\n<p><script async src=\"https:\/\/platform.twitter.com\/widgets.js\" charset=\"utf-8\"><\/script><\/p>\n<p><strong>\u00a1\u00c9xitos, Moncho! <\/strong><\/p>\n","protected":false},"excerpt":{"rendered":"<p>Pedro Dami\u00e1n Monz\u00f3n puso la firma y se convirti\u00f3 oficialmente en el ayudante de campo de Julio C\u00e9sar Falcioni. El Emperador dej\u00f3 un lugar en el cuerpo t\u00e9cnico para que el club pusiera un colaborador. El apuntado por los dirigentes fue el Moncho, quien ven\u00eda de dejar su cargo en Argentinos de Quilmes. Falcioni dio [&hellip;]<\/p>\n","protected":false},"author":1,"featured_media":92968,"comment_status":"open","ping_status":"closed","sticky":false,"template":"","format":"standard","meta":{"_links_to":"","_links_to_target":""},"categories":[3247,3],"tags":[153,385,1742],"_links":{"self":[{"href":"https:\/\/www.locoxelrojo.com\/independiente\/wp-json\/wp\/v2\/posts\/92967"}],"collection":[{"href":"https:\/\/www.locoxelrojo.com\/independiente\/wp-json\/wp\/v2\/posts"}],"about":[{"href":"https:\/\/www.locoxelrojo.com\/independiente\/wp-json\/wp\/v2\/types\/post"}],"author":[{"embeddable":true,"href":"https:\/\/www.locoxelrojo.com\/independiente\/wp-json\/wp\/v2\/users\/1"}],"replies":[{"embeddable":true,"href":"https:\/\/www.locoxelrojo.com\/independiente\/wp-json\/wp\/v2\/comments?post=92967"}],"version-history":[{"count":1,"href":"https:\/\/www.locoxelrojo.com\/independiente\/wp-json\/wp\/v2\/posts\/92967\/revisions"}],"predecessor-version":[{"id":92969,"href":"https:\/\/www.locoxelrojo.com\/independiente\/wp-json\/wp\/v2\/posts\/92967\/revisions\/92969"}],"wp:featuredmedia":[{"embeddable":true,"href":"https:\/\/www.locoxelrojo.com\/independiente\/wp-json\/wp\/v2\/media\/92968"}],"wp:attachment":[{"href":"https:\/\/www.locoxelrojo.com\/independiente\/wp-json\/wp\/v2\/media?parent=92967"}],"wp:term":[{"taxonomy":"category","embeddable":true,"href":"https:\/\/www.locoxelrojo.com\/independiente\/wp-json\/wp\/v2\/categories?post=92967"},{"taxonomy":"post_tag","embeddable":true,"href":"https:\/\/www.locoxelrojo.com\/independiente\/wp-json\/wp\/v2\/tags?post=92967"}],"curies":[{"name":"wp","href":"https:\/\/api.w.org\/{rel}","templated":true}]}}