{"id":93029,"date":"2021-01-28T09:00:38","date_gmt":"2021-01-28T12:00:38","guid":{"rendered":"http:\/\/www.locoxelrojo.com\/independiente\/?p=93029"},"modified":"2021-01-28T16:39:17","modified_gmt":"2021-01-28T19:39:17","slug":"mano-a-mano-por-el-arco","status":"publish","type":"post","link":"https:\/\/www.locoxelrojo.com\/independiente\/2021\/01\/28\/mano-a-mano-por-el-arco\/","title":{"rendered":"Mano a mano por el arco"},"content":{"rendered":"<p><strong>Julio C\u00e9sar Falcioni<\/strong> par\u00f3 su primer equipo el mi\u00e9rcoles y a partir de ello se dispar\u00f3 la primera gran duda: <strong>\u00bfqui\u00e9n ser\u00eda el titular para defender el arco de Independiente?<\/strong><\/p>\n<p>En medio de los trabajos f\u00edsicos de ayer, el entrenador par\u00f3 un probable once. En ese rato de f\u00fatbol propuesto por el DT, <strong>Milton \u00c1lvarez fue el arquero que opt\u00f3 el Emperador<\/strong>.<\/p>\n<p><strong>Esto no significa que Sebasti\u00e1n Sosa haya perdido su lugar<\/strong>. El entrenador lo conoce bien de su paso por Boca y hace poco, <a href=\"https:\/\/www.locoxelrojo.com\/independiente\/2021\/01\/22\/lo-banca-a-falcioni-desde-hace-tiempo\/\">el Uruguayo reconoci\u00f3 su respeto por el experimentado t\u00e9cnico<\/a>. Adem\u00e1s, el ex V\u00e9lez y Pe\u00f1arol <strong>estuvo haciendo cuarentena por su retorno de Estados Unidos<\/strong>, donde se encontr\u00f3 de vacaciones.<\/p>\n<p>Lo cierto es que Independiente est\u00e1 planeando disputar algunos amistosos y ah\u00ed el DT probar\u00e1 a ambos arqueros. <strong>\u00bfQui\u00e9n se quedar\u00e1 con la titularidad?<\/strong><\/p>\n","protected":false},"excerpt":{"rendered":"<p>Julio C\u00e9sar Falcioni par\u00f3 su primer equipo el mi\u00e9rcoles y a partir de ello se dispar\u00f3 la primera gran duda: \u00bfqui\u00e9n ser\u00eda el titular para defender el arco de Independiente? En medio de los trabajos f\u00edsicos de ayer, el entrenador par\u00f3 un probable once. En ese rato de f\u00fatbol propuesto por el DT, Milton \u00c1lvarez [&hellip;]<\/p>\n","protected":false},"author":101025,"featured_media":93031,"comment_status":"open","ping_status":"closed","sticky":false,"template":"","format":"standard","meta":{"_links_to":"","_links_to_target":""},"categories":[3247,3],"tags":[153,2300,3956,4645],"_links":{"self":[{"href":"https:\/\/www.locoxelrojo.com\/independiente\/wp-json\/wp\/v2\/posts\/93029"}],"collection":[{"href":"https:\/\/www.locoxelrojo.com\/independiente\/wp-json\/wp\/v2\/posts"}],"about":[{"href":"https:\/\/www.locoxelrojo.com\/independiente\/wp-json\/wp\/v2\/types\/post"}],"author":[{"embeddable":true,"href":"https:\/\/www.locoxelrojo.com\/independiente\/wp-json\/wp\/v2\/users\/101025"}],"replies":[{"embeddable":true,"href":"https:\/\/www.locoxelrojo.com\/independiente\/wp-json\/wp\/v2\/comments?post=93029"}],"version-history":[{"count":1,"href":"https:\/\/www.locoxelrojo.com\/independiente\/wp-json\/wp\/v2\/posts\/93029\/revisions"}],"predecessor-version":[{"id":93032,"href":"https:\/\/www.locoxelrojo.com\/independiente\/wp-json\/wp\/v2\/posts\/93029\/revisions\/93032"}],"wp:featuredmedia":[{"embeddable":true,"href":"https:\/\/www.locoxelrojo.com\/independiente\/wp-json\/wp\/v2\/media\/93031"}],"wp:attachment":[{"href":"https:\/\/www.locoxelrojo.com\/independiente\/wp-json\/wp\/v2\/media?parent=93029"}],"wp:term":[{"taxonomy":"category","embeddable":true,"href":"https:\/\/www.locoxelrojo.com\/independiente\/wp-json\/wp\/v2\/categories?post=93029"},{"taxonomy":"post_tag","embeddable":true,"href":"https:\/\/www.locoxelrojo.com\/independiente\/wp-json\/wp\/v2\/tags?post=93029"}],"curies":[{"name":"wp","href":"https:\/\/api.w.org\/{rel}","templated":true}]}}