{"id":93082,"date":"2021-02-01T14:00:17","date_gmt":"2021-02-01T17:00:17","guid":{"rendered":"http:\/\/www.locoxelrojo.com\/independiente\/?p=93082"},"modified":"2021-02-01T16:46:23","modified_gmt":"2021-02-01T19:46:23","slug":"demanda-por-gaibor","status":"publish","type":"post","link":"https:\/\/www.locoxelrojo.com\/independiente\/2021\/02\/01\/demanda-por-gaibor\/","title":{"rendered":"Demanda por Gaibor"},"content":{"rendered":"<p><strong>Fernando Gaibor<\/strong> <strong>fue anunciado oficialmente como refuerzo de Guayaquil City<\/strong>. El ecuatoriano nunca volvi\u00f3 a Independiente despu\u00e9s de declararse libre por falta de pago.<\/p>\n<p><strong>El mediocampista ecuatoriano estaba a pr\u00e9stamo en Al Wasl, de Emiratos \u00c1rabes, deb\u00eda regresar a Avellaneda, pero eso nunca sucedi\u00f3<\/strong>. Se radic\u00f3 en Ecuador semanas despu\u00e9s de declarar que quer\u00eda una revancha en el Rey de Copas y que hab\u00eda hablado con Lucas Pusineri, entrenador en ese momento.<\/p>\n<p><strong>El jugador que supo vestir la &#8220;10&#8221; tiene contrato hasta 2023<\/strong>, por eso desde la dirigencia se muestran optimistas y afirman que no tiene sustento el reclamo de 500.000 d\u00f3lares. <strong>La demanda que iniciar\u00e1 el club es de 20.000.000 d\u00f3lares contra Gaibor y Guayaquil City<\/strong>.<\/p>\n<p><strong>El Guante disput\u00f3 49 partidos con el Rojo, marc\u00f3 6 goles y aport\u00f3 8 asistencias<\/strong>. Lleg\u00f3 al club en 2018 desde Emelec por 4.200.000 d\u00f3lares por el 70% del pase.<\/p>\n<p><iframe loading=\"lazy\" src=\"https:\/\/www.youtube.com\/embed\/U2oH-62wBPM\" width=\"560\" height=\"315\" frameborder=\"0\" allowfullscreen=\"allowfullscreen\"><\/iframe><\/p>\n","protected":false},"excerpt":{"rendered":"<p>Fernando Gaibor fue anunciado oficialmente como refuerzo de Guayaquil City. El ecuatoriano nunca volvi\u00f3 a Independiente despu\u00e9s de declararse libre por falta de pago. El mediocampista ecuatoriano estaba a pr\u00e9stamo en Al Wasl, de Emiratos \u00c1rabes, deb\u00eda regresar a Avellaneda, pero eso nunca sucedi\u00f3. Se radic\u00f3 en Ecuador semanas despu\u00e9s de declarar que quer\u00eda una [&hellip;]<\/p>\n","protected":false},"author":101024,"featured_media":93083,"comment_status":"open","ping_status":"closed","sticky":false,"template":"","format":"standard","meta":{"_links_to":"","_links_to_target":""},"categories":[3280,3247],"tags":[153,3747,4640,3298],"_links":{"self":[{"href":"https:\/\/www.locoxelrojo.com\/independiente\/wp-json\/wp\/v2\/posts\/93082"}],"collection":[{"href":"https:\/\/www.locoxelrojo.com\/independiente\/wp-json\/wp\/v2\/posts"}],"about":[{"href":"https:\/\/www.locoxelrojo.com\/independiente\/wp-json\/wp\/v2\/types\/post"}],"author":[{"embeddable":true,"href":"https:\/\/www.locoxelrojo.com\/independiente\/wp-json\/wp\/v2\/users\/101024"}],"replies":[{"embeddable":true,"href":"https:\/\/www.locoxelrojo.com\/independiente\/wp-json\/wp\/v2\/comments?post=93082"}],"version-history":[{"count":1,"href":"https:\/\/www.locoxelrojo.com\/independiente\/wp-json\/wp\/v2\/posts\/93082\/revisions"}],"predecessor-version":[{"id":93084,"href":"https:\/\/www.locoxelrojo.com\/independiente\/wp-json\/wp\/v2\/posts\/93082\/revisions\/93084"}],"wp:featuredmedia":[{"embeddable":true,"href":"https:\/\/www.locoxelrojo.com\/independiente\/wp-json\/wp\/v2\/media\/93083"}],"wp:attachment":[{"href":"https:\/\/www.locoxelrojo.com\/independiente\/wp-json\/wp\/v2\/media?parent=93082"}],"wp:term":[{"taxonomy":"category","embeddable":true,"href":"https:\/\/www.locoxelrojo.com\/independiente\/wp-json\/wp\/v2\/categories?post=93082"},{"taxonomy":"post_tag","embeddable":true,"href":"https:\/\/www.locoxelrojo.com\/independiente\/wp-json\/wp\/v2\/tags?post=93082"}],"curies":[{"name":"wp","href":"https:\/\/api.w.org\/{rel}","templated":true}]}}