{"id":93158,"date":"2021-02-03T21:02:11","date_gmt":"2021-02-04T00:02:11","guid":{"rendered":"http:\/\/www.locoxelrojo.com\/independiente\/?p=93158"},"modified":"2021-02-03T22:10:32","modified_gmt":"2021-02-04T01:10:32","slug":"sosa-salio-a-desmentir-los-rumores-sobre-su-salida","status":"publish","type":"post","link":"https:\/\/www.locoxelrojo.com\/independiente\/2021\/02\/03\/sosa-salio-a-desmentir-los-rumores-sobre-su-salida\/","title":{"rendered":"Sosa sali\u00f3 a desmentir los rumores sobre su salida"},"content":{"rendered":"<p>En los \u00faltimos d\u00edas surgi\u00f3 el rumor de que <strong>Sebasti\u00e1n Sosa<\/strong> pod\u00eda irse de Independiente debido a un cortocircuito con Julio C\u00e9sar Falcioni. Tras haber sido <a href=\"https:\/\/www.locoxelrojo.com\/independiente\/2021\/02\/03\/empate-de-los-titulares-en-el-primero\/\">titular en el amistoso ante Godoy Cruz<\/a>, el propio arquero sali\u00f3 a desmentir esos dichos.<\/p>\n<p><strong>&#8220;No tuve nunca la intenci\u00f3n de irme, fue un rumor period\u00edstico falso&#8221;<\/strong>, expres\u00f3 el uruguayo en di\u00e1logo con <em>\u00bfC\u00f3mo te va?<\/em>, e hizo \u00e9nfasis en la buena relaci\u00f3n que tiene con el entrenador: <strong>&#8220;Estoy contento de reencontrarme despu\u00e9s de 10 a\u00f1os con Julio que me dio tantas oportunidades en Boca&#8221;<\/strong>.<\/p>\n<p>Por otra parte, el ex V\u00e9lez habl\u00f3 sobre los objetivos del club: <strong>&#8220;Una buena campa\u00f1a de Independiente es salir campe\u00f3n, ac\u00e1 se apunta al campeonato. No nos sobra nada, pero estamos para darle pelea a cualquiera. Este equipo sabe lo que quiere y trabajamos para salir campeones&#8221;<\/strong>.<\/p>\n<p>Para cerrar, Sosa se refiri\u00f3 a su situaci\u00f3n personal durante la pretemporada. <strong>&#8220;Uno trabaja para dar lo mejor d\u00eda a d\u00eda y sentirse bien. Ac\u00e1 no hay nadie con el puesto ganado, sino demostrar a diario para que cuando llegue el momento de la competencia el DT elija. Siempre trabajando, compito conmigo mismo&#8221;<\/strong>, concluy\u00f3.<\/p>\n","protected":false},"excerpt":{"rendered":"<p>En los \u00faltimos d\u00edas surgi\u00f3 el rumor de que Sebasti\u00e1n Sosa pod\u00eda irse de Independiente debido a un cortocircuito con Julio C\u00e9sar Falcioni. Tras haber sido titular en el amistoso ante Godoy Cruz, el propio arquero sali\u00f3 a desmentir esos dichos. &#8220;No tuve nunca la intenci\u00f3n de irme, fue un rumor period\u00edstico falso&#8221;, expres\u00f3 el [&hellip;]<\/p>\n","protected":false},"author":101025,"featured_media":93161,"comment_status":"open","ping_status":"closed","sticky":false,"template":"","format":"standard","meta":{"_links_to":"","_links_to_target":""},"categories":[3247,3],"tags":[153,4645],"_links":{"self":[{"href":"https:\/\/www.locoxelrojo.com\/independiente\/wp-json\/wp\/v2\/posts\/93158"}],"collection":[{"href":"https:\/\/www.locoxelrojo.com\/independiente\/wp-json\/wp\/v2\/posts"}],"about":[{"href":"https:\/\/www.locoxelrojo.com\/independiente\/wp-json\/wp\/v2\/types\/post"}],"author":[{"embeddable":true,"href":"https:\/\/www.locoxelrojo.com\/independiente\/wp-json\/wp\/v2\/users\/101025"}],"replies":[{"embeddable":true,"href":"https:\/\/www.locoxelrojo.com\/independiente\/wp-json\/wp\/v2\/comments?post=93158"}],"version-history":[{"count":3,"href":"https:\/\/www.locoxelrojo.com\/independiente\/wp-json\/wp\/v2\/posts\/93158\/revisions"}],"predecessor-version":[{"id":93162,"href":"https:\/\/www.locoxelrojo.com\/independiente\/wp-json\/wp\/v2\/posts\/93158\/revisions\/93162"}],"wp:featuredmedia":[{"embeddable":true,"href":"https:\/\/www.locoxelrojo.com\/independiente\/wp-json\/wp\/v2\/media\/93161"}],"wp:attachment":[{"href":"https:\/\/www.locoxelrojo.com\/independiente\/wp-json\/wp\/v2\/media?parent=93158"}],"wp:term":[{"taxonomy":"category","embeddable":true,"href":"https:\/\/www.locoxelrojo.com\/independiente\/wp-json\/wp\/v2\/categories?post=93158"},{"taxonomy":"post_tag","embeddable":true,"href":"https:\/\/www.locoxelrojo.com\/independiente\/wp-json\/wp\/v2\/tags?post=93158"}],"curies":[{"name":"wp","href":"https:\/\/api.w.org\/{rel}","templated":true}]}}