{"id":93210,"date":"2021-02-05T17:51:34","date_gmt":"2021-02-05T20:51:34","guid":{"rendered":"http:\/\/www.locoxelrojo.com\/independiente\/?p=93210"},"modified":"2021-02-05T17:51:56","modified_gmt":"2021-02-05T20:51:56","slug":"situacion-resuelta","status":"publish","type":"post","link":"https:\/\/www.locoxelrojo.com\/independiente\/2021\/02\/05\/situacion-resuelta\/","title":{"rendered":"Situaci\u00f3n resuelta"},"content":{"rendered":"<p>Independiente hab\u00eda sido sancionado y se le hab\u00eda puesto un plazo para abonar la deuda que manten\u00eda con <strong>Fernando Amorebieta, ex defensor del Rojo. Finalmente, la Comisi\u00f3n Directiva pag\u00f3 lo que adeudaba.<\/strong><\/p>\n<p>Un fallo judicial menos por el cual preocuparse para el conjunto de Avellaneda ya que, <strong>si la situaci\u00f3n no se resolv\u00eda, la Asociaci\u00f3n del F\u00fatbol Argentino iba a comunicar la inhabilitaci\u00f3n para que el club efect\u00fae transferencias.<\/strong><\/p>\n<p>Ante el fallo del TAS, el Rojo debi\u00f3 cancelar la deuda para levantar la sanci\u00f3n y seguir trabajando en el mercado de pases, para el cual el entrenador pidi\u00f3 refuerzos. <strong>Y fue as\u00ed que este jueves se realiz\u00f3 la transferencia correspondiente de 360.000 d\u00f3lares.<\/strong> <strong>Ese dinero ya le lleg\u00f3 al futbolista<\/strong> y <strong>desde su entorno notificaron a la FIFA para que levanten la sanci\u00f3n correspondiente.<\/strong><\/p>\n<p>Ahora s\u00ed, <strong>el Rey de Copas podr\u00e1 incorporar libremente ya que los fallos restantes (Francisco Silva, Torino, Defensor Sporting, Am\u00e9rica de M\u00e9xico y Pepe Moreno) corresponden al periodo de junio.<\/strong><\/p>\n","protected":false},"excerpt":{"rendered":"<p>Independiente hab\u00eda sido sancionado y se le hab\u00eda puesto un plazo para abonar la deuda que manten\u00eda con Fernando Amorebieta, ex defensor del Rojo. Finalmente, la Comisi\u00f3n Directiva pag\u00f3 lo que adeudaba. Un fallo judicial menos por el cual preocuparse para el conjunto de Avellaneda ya que, si la situaci\u00f3n no se resolv\u00eda, la Asociaci\u00f3n [&hellip;]<\/p>\n","protected":false},"author":101025,"featured_media":75268,"comment_status":"open","ping_status":"closed","sticky":false,"template":"","format":"standard","meta":{"_links_to":"","_links_to_target":""},"categories":[3280,3247],"tags":[218,153,2107,3517,1729,1665,2630],"_links":{"self":[{"href":"https:\/\/www.locoxelrojo.com\/independiente\/wp-json\/wp\/v2\/posts\/93210"}],"collection":[{"href":"https:\/\/www.locoxelrojo.com\/independiente\/wp-json\/wp\/v2\/posts"}],"about":[{"href":"https:\/\/www.locoxelrojo.com\/independiente\/wp-json\/wp\/v2\/types\/post"}],"author":[{"embeddable":true,"href":"https:\/\/www.locoxelrojo.com\/independiente\/wp-json\/wp\/v2\/users\/101025"}],"replies":[{"embeddable":true,"href":"https:\/\/www.locoxelrojo.com\/independiente\/wp-json\/wp\/v2\/comments?post=93210"}],"version-history":[{"count":1,"href":"https:\/\/www.locoxelrojo.com\/independiente\/wp-json\/wp\/v2\/posts\/93210\/revisions"}],"predecessor-version":[{"id":93211,"href":"https:\/\/www.locoxelrojo.com\/independiente\/wp-json\/wp\/v2\/posts\/93210\/revisions\/93211"}],"wp:featuredmedia":[{"embeddable":true,"href":"https:\/\/www.locoxelrojo.com\/independiente\/wp-json\/wp\/v2\/media\/75268"}],"wp:attachment":[{"href":"https:\/\/www.locoxelrojo.com\/independiente\/wp-json\/wp\/v2\/media?parent=93210"}],"wp:term":[{"taxonomy":"category","embeddable":true,"href":"https:\/\/www.locoxelrojo.com\/independiente\/wp-json\/wp\/v2\/categories?post=93210"},{"taxonomy":"post_tag","embeddable":true,"href":"https:\/\/www.locoxelrojo.com\/independiente\/wp-json\/wp\/v2\/tags?post=93210"}],"curies":[{"name":"wp","href":"https:\/\/api.w.org\/{rel}","templated":true}]}}