{"id":93273,"date":"2021-02-08T09:55:09","date_gmt":"2021-02-08T12:55:09","guid":{"rendered":"http:\/\/www.locoxelrojo.com\/independiente\/?p=93273"},"modified":"2021-02-08T15:18:35","modified_gmt":"2021-02-08T18:18:35","slug":"lema-rechazo-la-oferta-y-no-jugara-en-independiente","status":"publish","type":"post","link":"https:\/\/www.locoxelrojo.com\/independiente\/2021\/02\/08\/lema-rechazo-la-oferta-y-no-jugara-en-independiente\/","title":{"rendered":"Lema rechaz\u00f3 la oferta y no jugar\u00e1 en Independiente"},"content":{"rendered":"<p>A pesar de que las negociaciones con el Damac de Arabia Saudita estaban muy avanzadas y hab\u00edan llegado a un principio de acuerdo, <strong>Cristian Lema rechaz\u00f3 la oferta formal que hab\u00eda hecho el Rojo y no jugar\u00e1 en Independiente.<\/strong><\/p>\n<p><strong>Desde Avellaneda hab\u00edan hecho un ofrecimiento por el defensor central de 30 a\u00f1os que se trataba de un pr\u00e9stamo con obligaci\u00f3n de compra por 1.000.000 de d\u00f3lares en diciembre.<\/strong> Adem\u00e1s, el club hab\u00eda ofrecido pagarle todo el contrato al futbolista en caso de que los saud\u00edes no exigieran un cargo por la operaci\u00f3n. Sin embargo, <strong>el jugador prefiri\u00f3 no hizo fuerzas para salir de Asia y, sumado a tambi\u00e9n un inter\u00e9s de Newell\u00b4s por repatriarlo, la operaci\u00f3n se cay\u00f3.<\/strong><\/p>\n<p>As\u00ed, <strong>Julio C\u00e9sar Falcioni tuvo una buena y una mala noticia: la mala es que el ex Pe\u00f1arol y Benfica, entre otros, no llegar\u00e1 al Rey de Copas; y la buena es que <a href=\"https:\/\/www.locoxelrojo.com\/independiente\/2021\/02\/08\/acuerdo-por-insaurralde\/\">Juan Manuel Insaurralde acord\u00f3 su llegada a la instituci\u00f3n<\/a>,<\/strong> por lo que ya tiene un refuerzo para la zaga central.<\/p>\n","protected":false},"excerpt":{"rendered":"<p>A pesar de que las negociaciones con el Damac de Arabia Saudita estaban muy avanzadas y hab\u00edan llegado a un principio de acuerdo, Cristian Lema rechaz\u00f3 la oferta formal que hab\u00eda hecho el Rojo y no jugar\u00e1 en Independiente. Desde Avellaneda hab\u00edan hecho un ofrecimiento por el defensor central de 30 a\u00f1os que se trataba [&hellip;]<\/p>\n","protected":false},"author":101017,"featured_media":93274,"comment_status":"open","ping_status":"closed","sticky":false,"template":"","format":"standard","meta":{"_links_to":"","_links_to_target":""},"categories":[3280,3247],"tags":[153,4764,1665],"_links":{"self":[{"href":"https:\/\/www.locoxelrojo.com\/independiente\/wp-json\/wp\/v2\/posts\/93273"}],"collection":[{"href":"https:\/\/www.locoxelrojo.com\/independiente\/wp-json\/wp\/v2\/posts"}],"about":[{"href":"https:\/\/www.locoxelrojo.com\/independiente\/wp-json\/wp\/v2\/types\/post"}],"author":[{"embeddable":true,"href":"https:\/\/www.locoxelrojo.com\/independiente\/wp-json\/wp\/v2\/users\/101017"}],"replies":[{"embeddable":true,"href":"https:\/\/www.locoxelrojo.com\/independiente\/wp-json\/wp\/v2\/comments?post=93273"}],"version-history":[{"count":2,"href":"https:\/\/www.locoxelrojo.com\/independiente\/wp-json\/wp\/v2\/posts\/93273\/revisions"}],"predecessor-version":[{"id":93276,"href":"https:\/\/www.locoxelrojo.com\/independiente\/wp-json\/wp\/v2\/posts\/93273\/revisions\/93276"}],"wp:featuredmedia":[{"embeddable":true,"href":"https:\/\/www.locoxelrojo.com\/independiente\/wp-json\/wp\/v2\/media\/93274"}],"wp:attachment":[{"href":"https:\/\/www.locoxelrojo.com\/independiente\/wp-json\/wp\/v2\/media?parent=93273"}],"wp:term":[{"taxonomy":"category","embeddable":true,"href":"https:\/\/www.locoxelrojo.com\/independiente\/wp-json\/wp\/v2\/categories?post=93273"},{"taxonomy":"post_tag","embeddable":true,"href":"https:\/\/www.locoxelrojo.com\/independiente\/wp-json\/wp\/v2\/tags?post=93273"}],"curies":[{"name":"wp","href":"https:\/\/api.w.org\/{rel}","templated":true}]}}