{"id":93387,"date":"2021-02-12T19:03:44","date_gmt":"2021-02-12T22:03:44","guid":{"rendered":"http:\/\/www.locoxelrojo.com\/independiente\/?p=93387"},"modified":"2021-02-12T19:03:44","modified_gmt":"2021-02-12T22:03:44","slug":"el-nuevo-10-de-independiente","status":"publish","type":"post","link":"https:\/\/www.locoxelrojo.com\/independiente\/2021\/02\/12\/el-nuevo-10-de-independiente\/","title":{"rendered":"El nuevo 10 de Independiente"},"content":{"rendered":"<p><strong>La 10 de Independiente tiene nuevo due\u00f1o. Alan Velasco ser\u00e1 quien lucir\u00e1 el hist\u00f3rico dorsal en la Copa de la Liga.<\/strong><\/p>\n<p>Desde la partida de Mart\u00edn Ben\u00edtez, la camiseta 10 del Rojo hab\u00eda quedado vacante. Si bien se especul\u00f3 con que el n\u00famero quedar\u00eda vacante para este torneo, finalmente quedar\u00e1 en manos del jugador m\u00e1s desequilibrante del plantel del Rojo.<\/p>\n<blockquote class=\"twitter-tweet\">\n<p dir=\"ltr\" lang=\"es\">El 10 del Rey de Copas.<a href=\"https:\/\/twitter.com\/hashtag\/TodoRojo?src=hash&amp;ref_src=twsrc%5Etfw\">#TodoRojo<\/a> &#x1f534; <a href=\"https:\/\/t.co\/ypIlQuN53U\">pic.twitter.com\/ypIlQuN53U<\/a><\/p>\n<p>\u2014 C. A. Independiente (@Independiente) <a href=\"https:\/\/twitter.com\/Independiente\/status\/1360280597025947652?ref_src=twsrc%5Etfw\">February 12, 2021<\/a><\/p><\/blockquote>\n<p><script async src=\"https:\/\/platform.twitter.com\/widgets.js\" charset=\"utf-8\"><\/script><\/p>\n<p><strong>Con apenas 18 a\u00f1os, Velasco tomar\u00e1 la responsabilidad y tendr\u00e1 la espalda el dorsal que supo honrar Ricardo Bochini<\/strong> y que lucieron otras figuras como Jorge Burruchaga, Daniel Garnero, Federico Ins\u00faa y Daniel Montenegro.<\/p>\n<p>Fue justamente el Bocha, el m\u00e1ximo \u00eddolo del Rey de Copas, quien mostr\u00f3 su satisfacci\u00f3n y felicit\u00f3 a la Joya por usar la camiseta que \u00e9l supo defender durante dos d\u00e9cadas. <strong>&#8220;Alan Velasco tiene muchas condiciones y puede usar esa camiseta porque es un jugador con la t\u00e9cnica y la habilidad necesaria. \u00a1Felicitaciones!&#8221;<\/strong>, expres\u00f3 el Maestro en redes sociales.<\/p>\n","protected":false},"excerpt":{"rendered":"<p>La 10 de Independiente tiene nuevo due\u00f1o. Alan Velasco ser\u00e1 quien lucir\u00e1 el hist\u00f3rico dorsal en la Copa de la Liga. Desde la partida de Mart\u00edn Ben\u00edtez, la camiseta 10 del Rojo hab\u00eda quedado vacante. Si bien se especul\u00f3 con que el n\u00famero quedar\u00eda vacante para este torneo, finalmente quedar\u00e1 en manos del jugador m\u00e1s [&hellip;]<\/p>\n","protected":false},"author":8,"featured_media":93391,"comment_status":"open","ping_status":"closed","sticky":false,"template":"","format":"standard","meta":{"_links_to":"","_links_to_target":""},"categories":[3247,3],"tags":[3560,153,4536],"_links":{"self":[{"href":"https:\/\/www.locoxelrojo.com\/independiente\/wp-json\/wp\/v2\/posts\/93387"}],"collection":[{"href":"https:\/\/www.locoxelrojo.com\/independiente\/wp-json\/wp\/v2\/posts"}],"about":[{"href":"https:\/\/www.locoxelrojo.com\/independiente\/wp-json\/wp\/v2\/types\/post"}],"author":[{"embeddable":true,"href":"https:\/\/www.locoxelrojo.com\/independiente\/wp-json\/wp\/v2\/users\/8"}],"replies":[{"embeddable":true,"href":"https:\/\/www.locoxelrojo.com\/independiente\/wp-json\/wp\/v2\/comments?post=93387"}],"version-history":[{"count":3,"href":"https:\/\/www.locoxelrojo.com\/independiente\/wp-json\/wp\/v2\/posts\/93387\/revisions"}],"predecessor-version":[{"id":93390,"href":"https:\/\/www.locoxelrojo.com\/independiente\/wp-json\/wp\/v2\/posts\/93387\/revisions\/93390"}],"wp:featuredmedia":[{"embeddable":true,"href":"https:\/\/www.locoxelrojo.com\/independiente\/wp-json\/wp\/v2\/media\/93391"}],"wp:attachment":[{"href":"https:\/\/www.locoxelrojo.com\/independiente\/wp-json\/wp\/v2\/media?parent=93387"}],"wp:term":[{"taxonomy":"category","embeddable":true,"href":"https:\/\/www.locoxelrojo.com\/independiente\/wp-json\/wp\/v2\/categories?post=93387"},{"taxonomy":"post_tag","embeddable":true,"href":"https:\/\/www.locoxelrojo.com\/independiente\/wp-json\/wp\/v2\/tags?post=93387"}],"curies":[{"name":"wp","href":"https:\/\/api.w.org\/{rel}","templated":true}]}}