{"id":93428,"date":"2021-02-13T08:25:02","date_gmt":"2021-02-13T11:25:02","guid":{"rendered":"http:\/\/www.locoxelrojo.com\/independiente\/?p=93428"},"modified":"2021-02-14T08:32:40","modified_gmt":"2021-02-14T11:32:40","slug":"la-polemica-en-torno-a-los-arqueros-por-que-falcioni-los-roto","status":"publish","type":"post","link":"https:\/\/www.locoxelrojo.com\/independiente\/2021\/02\/13\/la-polemica-en-torno-a-los-arqueros-por-que-falcioni-los-roto\/","title":{"rendered":"La pol\u00e9mica en torno a los arqueros: \u00bfpor qu\u00e9 Falcioni los rot\u00f3?"},"content":{"rendered":"<p><strong>Julio C\u00e9sar Falcioni<\/strong> sali\u00f3 a desmentir rumores sobre la pol\u00e9mica que se gener\u00f3 en torno a la competencia entre <strong>Sebasti\u00e1n Sosa<\/strong> y <strong>Milton \u00c1lvarez<\/strong> en el arco.<\/p>\n<p>Si hubo algo que hizo ruido durante la pretemporada fue la rotaci\u00f3n de arqueros que hizo el nuevo t\u00e9cnico. Ver al uruguayo atajando para el equipo de los suplentes desat\u00f3 una lluvia de especulaciones. Muchos hasta llegaron a asegurar que Sosa y Falcioni se hab\u00edan peleado o que hab\u00edan revivido un viejo problema de cuando estaban en Boca. Pero nada m\u00e1s alejado de la realidad.<\/p>\n<p>Con la tranquilidad que lo caracteriza, el propio entrenador sali\u00f3 a despejar fantasmas y aclar\u00f3 por qu\u00e9 hizo esta variante en el arco. <strong>\u201cAs\u00ed como hice pruebas en otras posiciones del campo, tambi\u00e9n prob\u00e9 en el arco, es as\u00ed de simple. A veces se considera que el puesto de arquero es intocable y lo \u00fanico que uno trata de hacer es que todos est\u00e9n motivados y preparados para poder jugar en cualquier momento\u201d<\/strong>, expres\u00f3 el Emperador en conferencia de prensa.<\/p>\n<p>Cabe recordar que todos esos rumores se alimentaban con <a href=\"https:\/\/www.locoxelrojo.com\/independiente\/2021\/02\/09\/sosa-tambien-en-conflicto\/\">el conflicto que hab\u00eda con el contrato de Sosa<\/a>, a quien no le hab\u00edan entregado la copia firmada.<\/p>\n<p><strong>\u201cSe hab\u00eda creado una especulaci\u00f3n en la cual me vi involucrado y no ten\u00eda nada que ver. Primero porque hab\u00eda una situaci\u00f3n contractual que solucionar con el club y en segundo t\u00e9rmino, porque Sebasti\u00e1n hab\u00eda venido unos d\u00edas m\u00e1s tarde\u201d<\/strong>, dijo Falcioni, en referencia a que Sosa estuvo de vacaciones y debi\u00f3 ser guardar unos d\u00edas de aislamiento mientras el plantel empezaba la pretemporada.<\/p>\n<p><strong>\u201cMe parec\u00eda que era bueno que Milton se sintiera importante dentro del grupo y atajara. Despu\u00e9s tratamos de darle continuidad y proyecci\u00f3n a los que m\u00e1s han jugado en este inicio de torneo\u201d<\/strong>, complet\u00f3 el DT. Lejos de haber problemas internos, esa fue la explicaci\u00f3n de por qu\u00e9 \u00c1lvarez ataj\u00f3 en algunos partidos y por qu\u00e9 Sosa fue titular en los \u00faltimos ensayos antes del debut.<\/p>\n","protected":false},"excerpt":{"rendered":"<p>Julio C\u00e9sar Falcioni sali\u00f3 a desmentir rumores sobre la pol\u00e9mica que se gener\u00f3 en torno a la competencia entre Sebasti\u00e1n Sosa y Milton \u00c1lvarez en el arco. Si hubo algo que hizo ruido durante la pretemporada fue la rotaci\u00f3n de arqueros que hizo el nuevo t\u00e9cnico. Ver al uruguayo atajando para el equipo de los [&hellip;]<\/p>\n","protected":false},"author":8,"featured_media":93431,"comment_status":"open","ping_status":"closed","sticky":false,"template":"","format":"standard","meta":{"_links_to":"","_links_to_target":""},"categories":[3247,3],"tags":[385,3956,4645],"_links":{"self":[{"href":"https:\/\/www.locoxelrojo.com\/independiente\/wp-json\/wp\/v2\/posts\/93428"}],"collection":[{"href":"https:\/\/www.locoxelrojo.com\/independiente\/wp-json\/wp\/v2\/posts"}],"about":[{"href":"https:\/\/www.locoxelrojo.com\/independiente\/wp-json\/wp\/v2\/types\/post"}],"author":[{"embeddable":true,"href":"https:\/\/www.locoxelrojo.com\/independiente\/wp-json\/wp\/v2\/users\/8"}],"replies":[{"embeddable":true,"href":"https:\/\/www.locoxelrojo.com\/independiente\/wp-json\/wp\/v2\/comments?post=93428"}],"version-history":[{"count":3,"href":"https:\/\/www.locoxelrojo.com\/independiente\/wp-json\/wp\/v2\/posts\/93428\/revisions"}],"predecessor-version":[{"id":93432,"href":"https:\/\/www.locoxelrojo.com\/independiente\/wp-json\/wp\/v2\/posts\/93428\/revisions\/93432"}],"wp:featuredmedia":[{"embeddable":true,"href":"https:\/\/www.locoxelrojo.com\/independiente\/wp-json\/wp\/v2\/media\/93431"}],"wp:attachment":[{"href":"https:\/\/www.locoxelrojo.com\/independiente\/wp-json\/wp\/v2\/media?parent=93428"}],"wp:term":[{"taxonomy":"category","embeddable":true,"href":"https:\/\/www.locoxelrojo.com\/independiente\/wp-json\/wp\/v2\/categories?post=93428"},{"taxonomy":"post_tag","embeddable":true,"href":"https:\/\/www.locoxelrojo.com\/independiente\/wp-json\/wp\/v2\/tags?post=93428"}],"curies":[{"name":"wp","href":"https:\/\/api.w.org\/{rel}","templated":true}]}}