{"id":93433,"date":"2021-02-14T12:46:59","date_gmt":"2021-02-14T15:46:59","guid":{"rendered":"http:\/\/www.locoxelrojo.com\/independiente\/?p=93433"},"modified":"2021-02-14T13:25:51","modified_gmt":"2021-02-14T16:25:51","slug":"concentrados-vs-lanus-los-primeros-24","status":"publish","type":"post","link":"https:\/\/www.locoxelrojo.com\/independiente\/2021\/02\/14\/concentrados-vs-lanus-los-primeros-24\/","title":{"rendered":"Concentrados vs. Lan\u00fas: los primeros 24"},"content":{"rendered":"<p><a href=\"https:\/\/www.locoxelrojo.com\/independiente\/2021\/02\/14\/lo-espera-al-perro\/\">Luego del entrenamiento en Dom\u00ednico<\/a>, <strong>Julio Falcioni<\/strong> confirm\u00f3 la n\u00f3mina de convocados para el partido de ma\u00f1ana entre <strong>Independiente<\/strong> y Lan\u00fas en lo que ser\u00e1 el debut de su segundo ciclo.<\/p>\n<p>No hay grandes novedades teniendo en cuenta los futbolistas que utiliz\u00f3 el Emperador en los amistosos ante Godoy Cruz y Arsenal. <strong>Las ausencias destacadas son las de <a href=\"https:\/\/www.locoxelrojo.com\/independiente\/2021\/02\/12\/una-baja-por-coronavirus-a-horas-del-debut\/\">Fabricio Bustos<\/a> y <a href=\"https:\/\/www.locoxelrojo.com\/independiente\/2021\/02\/09\/se-suma-otro-caso-positivo\/\">Federico Mart\u00ednez<\/a>, ambos dieron positivo en el test de Covid-19<\/strong>.<\/p>\n<p><a href=\"https:\/\/www.locoxelrojo.com\/independiente\/2021\/02\/13\/talleres-busca-a-menendez-sobre-la-hora\/\"><strong>Otro de los futbolistas que habr\u00e1 que seguir de cerca es a Jonathan Men\u00e9ndez<\/strong><\/a>, quien es buscado por Talleres para repatriarlo. Si el atacante firma planilla ma\u00f1ana, el elenco cordob\u00e9s no podr\u00e1 contar con \u00e9l.<\/p>\n<p><span style=\"text-decoration: underline;\">A continuaci\u00f3n los 24 futbolistas citados:<\/span><\/p>\n<p><span style=\"text-decoration: underline;\">Arqueros:<\/span> Sebasti\u00e1n Sosa, Milton \u00c1lvarez.<\/p>\n<p><span style=\"text-decoration: underline;\">Defensores:<\/span> Alan Franco, Thom\u00e1s Ortega, Gonzalo As\u00eds, Lucas Rodr\u00edguez, Sergio Barreto, Ayrton Costa, Patricio Ostachuk.<\/p>\n<p><span style=\"text-decoration: underline;\">Mediocampistas:<\/span> Andr\u00e9s Roa, Pablo Hern\u00e1ndez, Lucas Gonz\u00e1lez, Alan So\u00f1ora, Gast\u00f3n Togni, Domingo Blanco, Juan Pacchini, Lucas Romero.<\/p>\n<p><span style=\"text-decoration: underline;\">Delanteros:<\/span> Alan Velasco, Jonathan Men\u00e9ndez, Silvio Romero, Nicol\u00e1s Messiniti, Braian Mart\u00ednez, Sebasti\u00e1n Palacios y Marcos Landaburu.<\/p>\n<blockquote class=\"twitter-tweet\">\n<p dir=\"ltr\" lang=\"es\">&#x1f4cb; \u00a1La primera lista!<\/p>\n<p>Concentrados ante Lan\u00fas para el duelo de ma\u00f1ana en el LdA &#x1f51c;<a href=\"https:\/\/twitter.com\/hashtag\/TodoRojo?src=hash&amp;ref_src=twsrc%5Etfw\">#TodoRojo<\/a> &#x1f534; <a href=\"https:\/\/t.co\/eaMl5NEyWP\">pic.twitter.com\/eaMl5NEyWP<\/a><\/p>\n<p>\u2014 C. A. Independiente (@Independiente) <a href=\"https:\/\/twitter.com\/Independiente\/status\/1360970854671265799?ref_src=twsrc%5Etfw\">February 14, 2021<\/a><\/p><\/blockquote>\n<p><script async src=\"https:\/\/platform.twitter.com\/widgets.js\" charset=\"utf-8\"><\/script><\/p>\n","protected":false},"excerpt":{"rendered":"<p>Luego del entrenamiento en Dom\u00ednico, Julio Falcioni confirm\u00f3 la n\u00f3mina de convocados para el partido de ma\u00f1ana entre Independiente y Lan\u00fas en lo que ser\u00e1 el debut de su segundo ciclo. No hay grandes novedades teniendo en cuenta los futbolistas que utiliz\u00f3 el Emperador en los amistosos ante Godoy Cruz y Arsenal. Las ausencias destacadas [&hellip;]<\/p>\n","protected":false},"author":19,"featured_media":93434,"comment_status":"open","ping_status":"closed","sticky":false,"template":"","format":"standard","meta":{"_links_to":"","_links_to_target":""},"categories":[3247,3],"tags":[153,2024,4784,326],"_links":{"self":[{"href":"https:\/\/www.locoxelrojo.com\/independiente\/wp-json\/wp\/v2\/posts\/93433"}],"collection":[{"href":"https:\/\/www.locoxelrojo.com\/independiente\/wp-json\/wp\/v2\/posts"}],"about":[{"href":"https:\/\/www.locoxelrojo.com\/independiente\/wp-json\/wp\/v2\/types\/post"}],"author":[{"embeddable":true,"href":"https:\/\/www.locoxelrojo.com\/independiente\/wp-json\/wp\/v2\/users\/19"}],"replies":[{"embeddable":true,"href":"https:\/\/www.locoxelrojo.com\/independiente\/wp-json\/wp\/v2\/comments?post=93433"}],"version-history":[{"count":2,"href":"https:\/\/www.locoxelrojo.com\/independiente\/wp-json\/wp\/v2\/posts\/93433\/revisions"}],"predecessor-version":[{"id":93438,"href":"https:\/\/www.locoxelrojo.com\/independiente\/wp-json\/wp\/v2\/posts\/93433\/revisions\/93438"}],"wp:featuredmedia":[{"embeddable":true,"href":"https:\/\/www.locoxelrojo.com\/independiente\/wp-json\/wp\/v2\/media\/93434"}],"wp:attachment":[{"href":"https:\/\/www.locoxelrojo.com\/independiente\/wp-json\/wp\/v2\/media?parent=93433"}],"wp:term":[{"taxonomy":"category","embeddable":true,"href":"https:\/\/www.locoxelrojo.com\/independiente\/wp-json\/wp\/v2\/categories?post=93433"},{"taxonomy":"post_tag","embeddable":true,"href":"https:\/\/www.locoxelrojo.com\/independiente\/wp-json\/wp\/v2\/tags?post=93433"}],"curies":[{"name":"wp","href":"https:\/\/api.w.org\/{rel}","templated":true}]}}