{"id":93468,"date":"2021-02-15T20:45:49","date_gmt":"2021-02-15T23:45:49","guid":{"rendered":"http:\/\/www.locoxelrojo.com\/independiente\/?p=93468"},"modified":"2021-02-16T02:52:22","modified_gmt":"2021-02-16T05:52:22","slug":"falcioni-sufrimos-mucho-la-pelota-parada-y-nos-falto-manejo-de-juego","status":"publish","type":"post","link":"https:\/\/www.locoxelrojo.com\/independiente\/2021\/02\/15\/falcioni-sufrimos-mucho-la-pelota-parada-y-nos-falto-manejo-de-juego\/","title":{"rendered":"Falcioni: \u201cSufrimos mucho la pelota parada y nos falt\u00f3 manejo de juego\u201d"},"content":{"rendered":"<p><strong>Julio C\u00e9sar Falcioni<\/strong> habl\u00f3 en conferencia de prensa despu\u00e9s de la derrota de Independiente ante Lan\u00fas.<\/p>\n<p>Con mucha tranquilidad, el DT del Rojo explic\u00f3 las falencias que tuvo el equipo durante el partido: <strong>\u201cEn el primer tiempo, m\u00e1s all\u00e1 del manejo que tuvo Lan\u00fas, las mejores oportunidades las hab\u00edamos tenido nosotros. En cuanto a la presencia ofensiva, pudimos salir r\u00e1pido y encontrar determinados espacios para poder concretar. Tuvimos dos claras y el rival ninguna\u201d<\/strong>.<\/p>\n<p>Siguiendo la l\u00ednea del an\u00e1lisis del encuentro, se\u00f1al\u00f3:<strong> \u201cEn el segundo tiempo no tuvimos el control de la pelota, sufrimos mucho la pelota parada, algo que de antemano lo ven\u00edamos hablando\u201d<\/strong>. Y agreg\u00f3:<strong> \u201cUna pelota pega en el travesa\u00f1o y la del gol, son dos situaciones de pelota parada que nos complica, primero por la altura de Lan\u00fas y segundo por problemas en la marca\u201d<\/strong>.<\/p>\n<p><iframe loading=\"lazy\" src=\"https:\/\/www.youtube.com\/embed\/aCPQAU2aK5k\" width=\"560\" height=\"315\" frameborder=\"0\" allowfullscreen=\"allowfullscreen\"><\/iframe><\/p>\n<p>El Emperador hizo autocr\u00edtica sobre el esquema que plante\u00f3 en el debut y su idea t\u00e1ctica. <strong>\u201cNos falt\u00f3 tener ese poquito de decisi\u00f3n en la salida de los laterales, en la tenencia de pelota. La intenci\u00f3n fue tener un mediocampo de juego, que no lo pudimos hacer, quer\u00edamos liberar a los laterales y que ese mediocampo pudiera tener distribuci\u00f3n de la pelota. La presi\u00f3n de Lan\u00fas nos hizo muchas veces dividir la pelota\u201d<\/strong>, se\u00f1al\u00f3.<\/p>\n<p>Por otro lado, explic\u00f3 la ausencia de Lucas Romero entre los titulares:<strong> \u201cSab\u00edamos que no iba a poder jugar, tuvo un esguince la semana pasada, lo probamos y se resinti\u00f3 un poco, as\u00ed que no pod\u00edamos arriesgarlo\u201d<\/strong>.<\/p>\n<p><strong>\u201cEl error que pod\u00eda ocurrir estaba en cualquiera de las pelotas paradas que tuvi\u00e9ramos en contra. Nos falt\u00f3 el manejo que pretend\u00edamos tener para poder liberar los costados y meterse m\u00e1s profundo. Desde ah\u00ed vamos a corregir algunas falencias en la defensa\u201d<\/strong>, cerr\u00f3.<\/p>\n","protected":false},"excerpt":{"rendered":"<p>Julio C\u00e9sar Falcioni habl\u00f3 en conferencia de prensa despu\u00e9s de la derrota de Independiente ante Lan\u00fas. Con mucha tranquilidad, el DT del Rojo explic\u00f3 las falencias que tuvo el equipo durante el partido: \u201cEn el primer tiempo, m\u00e1s all\u00e1 del manejo que tuvo Lan\u00fas, las mejores oportunidades las hab\u00edamos tenido nosotros. En cuanto a la [&hellip;]<\/p>\n","protected":false},"author":101024,"featured_media":93469,"comment_status":"open","ping_status":"closed","sticky":false,"template":"","format":"standard","meta":{"_links_to":"","_links_to_target":""},"categories":[3247,3],"tags":[153,4784,385,326],"_links":{"self":[{"href":"https:\/\/www.locoxelrojo.com\/independiente\/wp-json\/wp\/v2\/posts\/93468"}],"collection":[{"href":"https:\/\/www.locoxelrojo.com\/independiente\/wp-json\/wp\/v2\/posts"}],"about":[{"href":"https:\/\/www.locoxelrojo.com\/independiente\/wp-json\/wp\/v2\/types\/post"}],"author":[{"embeddable":true,"href":"https:\/\/www.locoxelrojo.com\/independiente\/wp-json\/wp\/v2\/users\/101024"}],"replies":[{"embeddable":true,"href":"https:\/\/www.locoxelrojo.com\/independiente\/wp-json\/wp\/v2\/comments?post=93468"}],"version-history":[{"count":3,"href":"https:\/\/www.locoxelrojo.com\/independiente\/wp-json\/wp\/v2\/posts\/93468\/revisions"}],"predecessor-version":[{"id":93472,"href":"https:\/\/www.locoxelrojo.com\/independiente\/wp-json\/wp\/v2\/posts\/93468\/revisions\/93472"}],"wp:featuredmedia":[{"embeddable":true,"href":"https:\/\/www.locoxelrojo.com\/independiente\/wp-json\/wp\/v2\/media\/93469"}],"wp:attachment":[{"href":"https:\/\/www.locoxelrojo.com\/independiente\/wp-json\/wp\/v2\/media?parent=93468"}],"wp:term":[{"taxonomy":"category","embeddable":true,"href":"https:\/\/www.locoxelrojo.com\/independiente\/wp-json\/wp\/v2\/categories?post=93468"},{"taxonomy":"post_tag","embeddable":true,"href":"https:\/\/www.locoxelrojo.com\/independiente\/wp-json\/wp\/v2\/tags?post=93468"}],"curies":[{"name":"wp","href":"https:\/\/api.w.org\/{rel}","templated":true}]}}