{"id":93522,"date":"2021-02-17T20:00:45","date_gmt":"2021-02-17T23:00:45","guid":{"rendered":"http:\/\/www.locoxelrojo.com\/independiente\/?p=93522"},"modified":"2021-02-18T13:51:26","modified_gmt":"2021-02-18T16:51:26","slug":"despues-del-maltrago-le-pidio-disculpas-a-falcioni","status":"publish","type":"post","link":"https:\/\/www.locoxelrojo.com\/independiente\/2021\/02\/17\/despues-del-maltrago-le-pidio-disculpas-a-falcioni\/","title":{"rendered":"Despu\u00e9s del maltrago, le pidi\u00f3 disculpas a Falcioni"},"content":{"rendered":"<p>Luego del desafortunado comentario contra <strong>Julio Falcioni<\/strong> que pronunci\u00f3 este mediod\u00eda en su programa, <strong>Diego D\u00edaz<\/strong> se disculp\u00f3 p\u00fablicamente.<\/p>\n<p><a href=\"https:\/\/www.locoxelrojo.com\/independiente\/2021\/02\/17\/diego-diaz-se-burlo-de-falcioni-y-el-club-lo-repudio\/\">Ni bien el conductor se refiri\u00f3 al tono de voz del t\u00e9cnico de Independiente de una manera poco seria<\/a>, <strong>las redes se hicieron eco r\u00e1pidamente y lo transformaron en tendencia de inmediato<\/strong>.<\/p>\n<blockquote class=\"twitter-tweet\">\n<p dir=\"ltr\" lang=\"es\">&#8220;Diego D\u00edaz&#8221;<\/p>\n<p>Porque mientras miles de personas con estudios en comunicaci\u00f3n y\/o periodismo laburan de otra cosa, a un tipo que se burla de una persona que tuvo c\u00e1ncer lo ponen a conducir un programa, rodeado de gente igual de poco formada<\/p>\n<p>El periodismo cada d\u00eda m\u00e1s pat\u00e9tico&#x1f92e; <a href=\"https:\/\/t.co\/e1XyIpmIiN\">pic.twitter.com\/e1XyIpmIiN<\/a><\/p>\n<p>\u2014 \u00bfPor qu\u00e9 es tendencia? (@Tendencia_Peron) <a href=\"https:\/\/twitter.com\/Tendencia_Peron\/status\/1362100636171579392?ref_src=twsrc%5Etfw\">February 17, 2021<\/a><\/p><\/blockquote>\n<p><script async src=\"https:\/\/platform.twitter.com\/widgets.js\" charset=\"utf-8\"><\/script><\/p>\n<p>Posteriormente el club emiti\u00f3 un comunicado repudiando los dichos de D\u00edaz y <strong>fue \u00e9l mismo quien intent\u00f3 calmar las aguas<\/strong> a trav\u00e9s de una mensaje en su <strong>Instagram<\/strong>.<\/p>\n<p><a href=\"https:\/\/www.locoxelrojo.com\/independiente\/wp-content\/uploads\/2021\/02\/Pedido-disculpas-diego-diaz-falcioni.jpeg\"><img loading=\"lazy\" class=\"aligncenter size-full wp-image-93523\" src=\"https:\/\/www.locoxelrojo.com\/independiente\/wp-content\/uploads\/2021\/02\/Pedido-disculpas-diego-diaz-falcioni.jpeg\" alt=\"\" width=\"606\" height=\"960\" srcset=\"https:\/\/locoxelrojo.com\/independiente\/wp-content\/uploads\/2021\/02\/Pedido-disculpas-diego-diaz-falcioni.jpeg 606w, https:\/\/locoxelrojo.com\/independiente\/wp-content\/uploads\/2021\/02\/Pedido-disculpas-diego-diaz-falcioni-189x300.jpeg 189w, https:\/\/locoxelrojo.com\/independiente\/wp-content\/uploads\/2021\/02\/Pedido-disculpas-diego-diaz-falcioni-265x420.jpeg 265w, https:\/\/locoxelrojo.com\/independiente\/wp-content\/uploads\/2021\/02\/Pedido-disculpas-diego-diaz-falcioni-81x128.jpeg 81w, https:\/\/locoxelrojo.com\/independiente\/wp-content\/uploads\/2021\/02\/Pedido-disculpas-diego-diaz-falcioni-20x32.jpeg 20w\" sizes=\"(max-width: 606px) 100vw, 606px\" \/><\/a><\/p>\n<p>Y, para terminar el ciclo, <strong>el conductor de Superf\u00fatbol pidi\u00f3 las disculpas pertinentes en vivo en el programa de TyC Sports y con Falcioni escuch\u00e1ndolo en el m\u00f3vil<\/strong>, donde aprovech\u00f3 para dec\u00edrselo personalmente y a todo el mundo Independiente, <strong>a lo que el Emperador respondi\u00f3 que todos nos podemos equivocar y asegur\u00f3 que est\u00e1 todo bien.<\/strong><\/p>\n<p><iframe loading=\"lazy\" src=\"https:\/\/www.youtube.com\/embed\/TyjVWw5JrFE\" width=\"560\" height=\"315\" frameborder=\"0\" allowfullscreen=\"allowfullscreen\"><\/iframe><\/p>\n","protected":false},"excerpt":{"rendered":"<p>Luego del desafortunado comentario contra Julio Falcioni que pronunci\u00f3 este mediod\u00eda en su programa, Diego D\u00edaz se disculp\u00f3 p\u00fablicamente. Ni bien el conductor se refiri\u00f3 al tono de voz del t\u00e9cnico de Independiente de una manera poco seria, las redes se hicieron eco r\u00e1pidamente y lo transformaron en tendencia de inmediato. &#8220;Diego D\u00edaz&#8221; Porque mientras [&hellip;]<\/p>\n","protected":false},"author":19,"featured_media":93524,"comment_status":"open","ping_status":"closed","sticky":false,"template":"","format":"standard","meta":{"_links_to":"","_links_to_target":""},"categories":[3280,3247],"tags":[153,4791,2300,469],"_links":{"self":[{"href":"https:\/\/www.locoxelrojo.com\/independiente\/wp-json\/wp\/v2\/posts\/93522"}],"collection":[{"href":"https:\/\/www.locoxelrojo.com\/independiente\/wp-json\/wp\/v2\/posts"}],"about":[{"href":"https:\/\/www.locoxelrojo.com\/independiente\/wp-json\/wp\/v2\/types\/post"}],"author":[{"embeddable":true,"href":"https:\/\/www.locoxelrojo.com\/independiente\/wp-json\/wp\/v2\/users\/19"}],"replies":[{"embeddable":true,"href":"https:\/\/www.locoxelrojo.com\/independiente\/wp-json\/wp\/v2\/comments?post=93522"}],"version-history":[{"count":6,"href":"https:\/\/www.locoxelrojo.com\/independiente\/wp-json\/wp\/v2\/posts\/93522\/revisions"}],"predecessor-version":[{"id":93548,"href":"https:\/\/www.locoxelrojo.com\/independiente\/wp-json\/wp\/v2\/posts\/93522\/revisions\/93548"}],"wp:featuredmedia":[{"embeddable":true,"href":"https:\/\/www.locoxelrojo.com\/independiente\/wp-json\/wp\/v2\/media\/93524"}],"wp:attachment":[{"href":"https:\/\/www.locoxelrojo.com\/independiente\/wp-json\/wp\/v2\/media?parent=93522"}],"wp:term":[{"taxonomy":"category","embeddable":true,"href":"https:\/\/www.locoxelrojo.com\/independiente\/wp-json\/wp\/v2\/categories?post=93522"},{"taxonomy":"post_tag","embeddable":true,"href":"https:\/\/www.locoxelrojo.com\/independiente\/wp-json\/wp\/v2\/tags?post=93522"}],"curies":[{"name":"wp","href":"https:\/\/api.w.org\/{rel}","templated":true}]}}