{"id":93529,"date":"2021-02-17T19:45:09","date_gmt":"2021-02-17T22:45:09","guid":{"rendered":"http:\/\/www.locoxelrojo.com\/independiente\/?p=93529"},"modified":"2021-02-18T01:29:32","modified_gmt":"2021-02-18T04:29:32","slug":"con-roa-a-la-par","status":"publish","type":"post","link":"https:\/\/www.locoxelrojo.com\/independiente\/2021\/02\/17\/con-roa-a-la-par\/","title":{"rendered":"Con Roa a la par"},"content":{"rendered":"<p>El plantel de <strong>Independiente<\/strong> se entren\u00f3 este mi\u00e9rcoles en el predio de Villa Dom\u00ednico. <strong>La novedad de la jornada pas\u00f3 por la vuelta a las pr\u00e1cticas de Andr\u00e9s Roa<\/strong>.<\/p>\n<p>Los dirigidos por Julio C\u00e9sar Falcioni contin\u00faan con sus trabajos luego de la p\u00e1lida derrota del lunes pasado contra Lan\u00fas. <a href=\"https:\/\/www.locoxelrojo.com\/independiente\/2021\/02\/16\/por-que-roa-no-estuvo-ayer\/\">Para ese encuentro el DT no pudo contar con el colombiano, quien present\u00f3 un cuadro de faringitis y fue desafectado<\/a>.<\/p>\n<p>Tras realizarse los estudios correspondientes y haber recibido el alta m\u00e9dica, <strong>Roa se movi\u00f3 con el resto de sus compa\u00f1eros y el t\u00e9cnico lo podr\u00e1 utilizar la pr\u00f3xima fecha<\/strong>.<\/p>\n<p>Las labores de la jornada consistieron en rutas de pase, movimientos t\u00e1cticos y definici\u00f3n antecedidos de trabajos f\u00edsicos de fuerza y potencia. <strong>El \u00fanico que sigue sin entrenar a la par es Lucas Romero, con una molestia en su tobillo<\/strong>.<\/p>\n","protected":false},"excerpt":{"rendered":"<p>El plantel de Independiente se entren\u00f3 este mi\u00e9rcoles en el predio de Villa Dom\u00ednico. La novedad de la jornada pas\u00f3 por la vuelta a las pr\u00e1cticas de Andr\u00e9s Roa. Los dirigidos por Julio C\u00e9sar Falcioni contin\u00faan con sus trabajos luego de la p\u00e1lida derrota del lunes pasado contra Lan\u00fas. Para ese encuentro el DT no [&hellip;]<\/p>\n","protected":false},"author":19,"featured_media":92252,"comment_status":"open","ping_status":"closed","sticky":false,"template":"","format":"standard","meta":{"_links_to":"","_links_to_target":""},"categories":[3247,3],"tags":[4267,153,26,2768,1683],"_links":{"self":[{"href":"https:\/\/www.locoxelrojo.com\/independiente\/wp-json\/wp\/v2\/posts\/93529"}],"collection":[{"href":"https:\/\/www.locoxelrojo.com\/independiente\/wp-json\/wp\/v2\/posts"}],"about":[{"href":"https:\/\/www.locoxelrojo.com\/independiente\/wp-json\/wp\/v2\/types\/post"}],"author":[{"embeddable":true,"href":"https:\/\/www.locoxelrojo.com\/independiente\/wp-json\/wp\/v2\/users\/19"}],"replies":[{"embeddable":true,"href":"https:\/\/www.locoxelrojo.com\/independiente\/wp-json\/wp\/v2\/comments?post=93529"}],"version-history":[{"count":2,"href":"https:\/\/www.locoxelrojo.com\/independiente\/wp-json\/wp\/v2\/posts\/93529\/revisions"}],"predecessor-version":[{"id":93535,"href":"https:\/\/www.locoxelrojo.com\/independiente\/wp-json\/wp\/v2\/posts\/93529\/revisions\/93535"}],"wp:featuredmedia":[{"embeddable":true,"href":"https:\/\/www.locoxelrojo.com\/independiente\/wp-json\/wp\/v2\/media\/92252"}],"wp:attachment":[{"href":"https:\/\/www.locoxelrojo.com\/independiente\/wp-json\/wp\/v2\/media?parent=93529"}],"wp:term":[{"taxonomy":"category","embeddable":true,"href":"https:\/\/www.locoxelrojo.com\/independiente\/wp-json\/wp\/v2\/categories?post=93529"},{"taxonomy":"post_tag","embeddable":true,"href":"https:\/\/www.locoxelrojo.com\/independiente\/wp-json\/wp\/v2\/tags?post=93529"}],"curies":[{"name":"wp","href":"https:\/\/api.w.org\/{rel}","templated":true}]}}