{"id":93630,"date":"2021-02-21T00:01:09","date_gmt":"2021-02-21T03:01:09","guid":{"rendered":"http:\/\/www.locoxelrojo.com\/independiente\/?p=93630"},"modified":"2021-02-21T18:53:35","modified_gmt":"2021-02-21T21:53:35","slug":"cambiar-la-imagen-y-sumar-de-a-tres","status":"publish","type":"post","link":"https:\/\/www.locoxelrojo.com\/independiente\/2021\/02\/21\/cambiar-la-imagen-y-sumar-de-a-tres\/","title":{"rendered":"Cambiar la imagen y sumar de a tres"},"content":{"rendered":"<p><strong>Por la 2\u00aa fecha de la Copa de la Liga, Independiente visitar\u00e1 a Patronato desde las 19:20 en el Estadio Presb\u00edtero Bartolom\u00e9 Grella, con <a href=\"https:\/\/www.locoxelrojo.com\/independiente\/2021\/02\/17\/vigliano-el-arbitro-en-parana\/\">el arbitraje de Mauro Vigliano<\/a>.<\/strong><\/p>\n<p>Despu\u00e9s de la derrota ante Lan\u00fas en el debut, el Rojo viaja a Paran\u00e1 con la obligaci\u00f3n de cambiar la imagen y conseguir los primeros tres puntos para acomodarse en la Zona 2 del torneo. Julio C\u00e9sar Falcioni ya tiene tres refuerzos abrochados, pero s\u00f3lo uno fue convocado para esta tarde. <strong>Seg\u00fan lo ensayado en la semana, se viene un cambio de esquema<\/strong>.<\/p>\n<p>El equipo tendr\u00e1 varios cambios. El reci\u00e9n llegado <strong>Juan Manuel Insaurralde ser\u00e1 el marcador central de experiencia<\/strong> que tanto pidi\u00f3 el DT en defensa: entrar\u00e1 por el juvenil Ayrton Costa en la l\u00ednea de cinco defensores. En el lateral izquierdo, <strong>Gast\u00f3n Togni reemplazar\u00e1 a Lucas Rodr\u00edguez<\/strong>, quien est\u00e1 aislado por coronavirus.<\/p>\n<p>Del mediocampo para adelante estar\u00e1n las principales variantes. A diferencia del debut, habr\u00eda un doble 5 que har\u00e1 <strong>salir del equipo a Alan So\u00f1ora para sumar a Sebasti\u00e1n Palacios<\/strong> en ataque. La inc\u00f3gnita corre alrededor de la Joya: <strong>Alan Velasco est\u00e1 en duda<\/strong> por una molestia muscular y lo esperar\u00e1n hasta \u00faltimo momento; si no llega, entrar\u00eda <strong>Jonathan Men\u00e9ndez<\/strong>.<\/p>\n<p>Por su parte, <strong>el Patr\u00f3n tambi\u00e9n viene de caer por la m\u00ednima<\/strong> en el primer partido. Perdi\u00f3 1-0 ante Talleres en C\u00f3rdoba y llega con la misma necesidad de un triunfo que le permita enderezar el rumbo y cortar de una vez por todas la racha de <a href=\"https:\/\/www.locoxelrojo.com\/independiente\/2021\/02\/20\/asi-llega-patronato-5\/\">casi un a\u00f1o sin ganar como local<\/a>. Su \u00faltimo festejo en casa fue el 2 de marzo de 2020.<\/p>\n<h3>Probables formaciones<\/h3>\n<p><strong>Patronato:<\/strong> Mat\u00edas Ib\u00e1\u00f1ez; Leandro Mar\u00edn, Dylan Gissi, Oliver Ben\u00edtez, Gustavo Canto; Gabriel Gudi\u00f1o, Dami\u00e1n Lemos, Franco Leys, Nicol\u00e1s Delgadillo; Lautaro Comas y Junior Arias.<br \/>\n<strong>DT:<\/strong> Iv\u00e1n Delfino.<\/p>\n<p><strong>Independiente:<\/strong> Sebasti\u00e1n Sosa; Gonzalo As\u00eds, Sergio Barreto, Alan Franco, Juan Manuel Insaurralde, Gast\u00f3n Togni; Pablo Hern\u00e1ndez, Domingo Blanco; Alan Velasco o Jonathan Men\u00e9ndez, Silvio Romero y Sebasti\u00e1n Palacios.<br \/>\n<strong>DT:<\/strong> Julio C\u00e9sar Falcioni.<\/p>\n<p><strong>\u00c1rbitro:<\/strong> Mauro Vigliano.<\/p>\n<p><strong>Estadio:<\/strong> Presb\u00edtero Bartolom\u00e9 Grella.<\/p>\n<p><strong>Hora:<\/strong> 19:20.<\/p>\n<p><strong>TV:<\/strong> TNT Sports.<\/p>\n","protected":false},"excerpt":{"rendered":"<p>Por la 2\u00aa fecha de la Copa de la Liga, Independiente visitar\u00e1 a Patronato desde las 19:20 en el Estadio Presb\u00edtero Bartolom\u00e9 Grella, con el arbitraje de Mauro Vigliano. Despu\u00e9s de la derrota ante Lan\u00fas en el debut, el Rojo viaja a Paran\u00e1 con la obligaci\u00f3n de cambiar la imagen y conseguir los primeros tres [&hellip;]<\/p>\n","protected":false},"author":8,"featured_media":91529,"comment_status":"open","ping_status":"closed","sticky":false,"template":"","format":"standard","meta":{"_links_to":"","_links_to_target":""},"categories":[3247,2007],"tags":[153,4784,3521,2461],"_links":{"self":[{"href":"https:\/\/www.locoxelrojo.com\/independiente\/wp-json\/wp\/v2\/posts\/93630"}],"collection":[{"href":"https:\/\/www.locoxelrojo.com\/independiente\/wp-json\/wp\/v2\/posts"}],"about":[{"href":"https:\/\/www.locoxelrojo.com\/independiente\/wp-json\/wp\/v2\/types\/post"}],"author":[{"embeddable":true,"href":"https:\/\/www.locoxelrojo.com\/independiente\/wp-json\/wp\/v2\/users\/8"}],"replies":[{"embeddable":true,"href":"https:\/\/www.locoxelrojo.com\/independiente\/wp-json\/wp\/v2\/comments?post=93630"}],"version-history":[{"count":2,"href":"https:\/\/www.locoxelrojo.com\/independiente\/wp-json\/wp\/v2\/posts\/93630\/revisions"}],"predecessor-version":[{"id":93632,"href":"https:\/\/www.locoxelrojo.com\/independiente\/wp-json\/wp\/v2\/posts\/93630\/revisions\/93632"}],"wp:featuredmedia":[{"embeddable":true,"href":"https:\/\/www.locoxelrojo.com\/independiente\/wp-json\/wp\/v2\/media\/91529"}],"wp:attachment":[{"href":"https:\/\/www.locoxelrojo.com\/independiente\/wp-json\/wp\/v2\/media?parent=93630"}],"wp:term":[{"taxonomy":"category","embeddable":true,"href":"https:\/\/www.locoxelrojo.com\/independiente\/wp-json\/wp\/v2\/categories?post=93630"},{"taxonomy":"post_tag","embeddable":true,"href":"https:\/\/www.locoxelrojo.com\/independiente\/wp-json\/wp\/v2\/tags?post=93630"}],"curies":[{"name":"wp","href":"https:\/\/api.w.org\/{rel}","templated":true}]}}